{"id":2649,"date":"2025-11-15T03:33:39","date_gmt":"2025-11-15T02:33:39","guid":{"rendered":"https:\/\/festivalcinefantaelx.com\/fantapress\/?p=2649"},"modified":"2025-11-17T08:56:25","modified_gmt":"2025-11-17T07:56:25","slug":"no-creas-que-existen-y-tampoco-digas-que-existen","status":"publish","type":"post","link":"https:\/\/festivalcinefantaelx.com\/fantapress\/2025\/11\/15\/no-creas-que-existen-y-tampoco-digas-que-existen\/","title":{"rendered":"No creas que existen y tampoco digas que existen"},"content":{"rendered":"\t\t<div data-elementor-type=\"wp-post\" data-elementor-id=\"2649\" class=\"elementor elementor-2649\" data-elementor-post-type=\"post\">\n\t\t\t\t<div class=\"elementor-element elementor-element-07bd0b6 e-grid e-con-full parallax_section_no qode_elementor_container_no e-con e-parent\" data-id=\"07bd0b6\" data-element_type=\"container\">\n\t\t\t\t<div class=\"elementor-element elementor-element-1085c917 elementor-widget elementor-widget-text-editor\" data-id=\"1085c917\" data-element_type=\"widget\" data-widget_type=\"text-editor.default\">\n\t\t\t\t<div class=\"elementor-widget-container\">\n\t\t\t\t\t\t\t<h6>Pablo Tenza y Coral Maci\u00e1 (fotograf\u00eda)<\/h6>\n<h2>Tras la exitosa apertura de\u00a0FANTAELX con la proyecci\u00f3n de <i>Ghost in the Shell <\/i>(Mamoru Oshii, 1995) por su 30\u00ba aniversario, este viernes 14 de noviembre se ha proyectado en los cines ABC del Centro Comercial l\u2019Aljub, en exclusiva y con dos semanas de antelaci\u00f3n, <i>Gaua<\/i>, la tercera pel\u00edcula de Paul Urkijo Alijo, a quien pudimos entrevistar personalmente el a\u00f1o pasado junto a Nerea Torrijos en la proyecci\u00f3n de <i>Irati<\/i>.<\/h2>\n<p><!-- \/wp:heading --><!-- wp:paragraph --><\/p>\n<p><span style=\"font-weight: 400;\">La proyecci\u00f3n ha comenzado con un v\u00eddeo introductorio del propio director dando la bienvenida al p\u00fablico y agradeciendo su inter\u00e9s por este tipo de cine fant\u00e1stico al que el p\u00fablico espa\u00f1ol no est\u00e1 acostumbrado a ver por un entorno en el que el cine comercial se consolida agresivamente como la principal fuerza motora de la industria.\u00a0<\/span><\/p>\n<p><img fetchpriority=\"high\" decoding=\"async\" class=\"aligncenter wp-image-2650 size-large\" src=\"http:\/\/festivalcinefantaelx.com\/fantapress\/wp-content\/uploads\/2025\/11\/MG_0460-1024x683.jpg\" alt=\"\" width=\"1024\" height=\"683\" srcset=\"https:\/\/festivalcinefantaelx.com\/fantapress\/wp-content\/uploads\/2025\/11\/MG_0460-1024x683.jpg 1024w, https:\/\/festivalcinefantaelx.com\/fantapress\/wp-content\/uploads\/2025\/11\/MG_0460-300x200.jpg 300w, https:\/\/festivalcinefantaelx.com\/fantapress\/wp-content\/uploads\/2025\/11\/MG_0460-768x512.jpg 768w, https:\/\/festivalcinefantaelx.com\/fantapress\/wp-content\/uploads\/2025\/11\/MG_0460-1536x1024.jpg 1536w, https:\/\/festivalcinefantaelx.com\/fantapress\/wp-content\/uploads\/2025\/11\/MG_0460-2048x1365.jpg 2048w, https:\/\/festivalcinefantaelx.com\/fantapress\/wp-content\/uploads\/2025\/11\/MG_0460-700x467.jpg 700w\" sizes=\"(max-width: 1024px) 100vw, 1024px\" \/><\/p>\n<p><span style=\"font-weight: 400;\">Si hay algo que Urkijo ha dejado m\u00e1s que claro en sus numerosas obras, es su amor por la mitolog\u00eda, y sobre todo lo que se esconde tras la Espa\u00f1a profunda. Al igual que hizo en su primera pel\u00edcula,<\/span><em><span style=\"font-weight: 400;\">\u00a0<\/span><\/em><b><i>Errementari<\/i><\/b> <span style=\"font-weight: 400;\">(2017), y como ya nos avis\u00f3 el a\u00f1o pasado en la entrevista en v\u00eddeo que realizamos, Urkijo nos traslada al siglo XVII en los oscuros bosques del Pa\u00eds Vasco para explorar las deidades de la noche con un relato fant\u00e1stico en pleno apogeo de la caza de brujas y el control de la iglesia cat\u00f3lica sobre los peque\u00f1os pueblos de la tierra de los conejos, record\u00e1ndonos en estilo a obras como <\/span><i><span style=\"font-weight: 400;\">The Witch <\/span><\/i><span style=\"font-weight: 400;\">(Robert Eggers, 2015) o <em>H\u00e4xan<\/em> (Benjamin Christensen, 1992).<\/span><\/p>\n<p><img decoding=\"async\" class=\"aligncenter wp-image-2652 size-large\" src=\"http:\/\/festivalcinefantaelx.com\/fantapress\/wp-content\/uploads\/2025\/11\/WhatsApp-Image-2025-11-15-at-03.18.51-1024x1024.jpeg\" alt=\"\" width=\"1024\" height=\"1024\" srcset=\"https:\/\/festivalcinefantaelx.com\/fantapress\/wp-content\/uploads\/2025\/11\/WhatsApp-Image-2025-11-15-at-03.18.51-1024x1024.jpeg 1024w, https:\/\/festivalcinefantaelx.com\/fantapress\/wp-content\/uploads\/2025\/11\/WhatsApp-Image-2025-11-15-at-03.18.51-300x300.jpeg 300w, https:\/\/festivalcinefantaelx.com\/fantapress\/wp-content\/uploads\/2025\/11\/WhatsApp-Image-2025-11-15-at-03.18.51-150x150.jpeg 150w, https:\/\/festivalcinefantaelx.com\/fantapress\/wp-content\/uploads\/2025\/11\/WhatsApp-Image-2025-11-15-at-03.18.51-768x768.jpeg 768w, https:\/\/festivalcinefantaelx.com\/fantapress\/wp-content\/uploads\/2025\/11\/WhatsApp-Image-2025-11-15-at-03.18.51-570x570.jpeg 570w, https:\/\/festivalcinefantaelx.com\/fantapress\/wp-content\/uploads\/2025\/11\/WhatsApp-Image-2025-11-15-at-03.18.51-500x500.jpeg 500w, https:\/\/festivalcinefantaelx.com\/fantapress\/wp-content\/uploads\/2025\/11\/WhatsApp-Image-2025-11-15-at-03.18.51-1000x1000.jpeg 1000w, https:\/\/festivalcinefantaelx.com\/fantapress\/wp-content\/uploads\/2025\/11\/WhatsApp-Image-2025-11-15-at-03.18.51-700x700.jpeg 700w, https:\/\/festivalcinefantaelx.com\/fantapress\/wp-content\/uploads\/2025\/11\/WhatsApp-Image-2025-11-15-at-03.18.51-650x650.jpeg 650w, https:\/\/festivalcinefantaelx.com\/fantapress\/wp-content\/uploads\/2025\/11\/WhatsApp-Image-2025-11-15-at-03.18.51.jpeg 1080w\" sizes=\"(max-width: 1024px) 100vw, 1024px\" \/><\/p>\n<p><span style=\"font-weight: 400;\">Estamos ante unas ra\u00edces en un periodo oscuro y censurado que se entrelazan entre s\u00ed para formar <strong>una historia que respira <\/strong><\/span><strong><i>folk-horror<\/i><\/strong><span style=\"font-weight: 400;\"><strong> en cada plano<\/strong>, predominando los largos y finos \u00e1rboles que abundan en el norte de Espa\u00f1a para construir un oscuro e ir\u00f3nicamente claustrof\u00f3bico escenario. En \u00e9l, Urkijo controla lo que el espectador puede ver \u00fanicamente con la p\u00e1lida luz de la luna, dando pie a la imaginaci\u00f3n de este para decidir qu\u00e9 se esconde tras la vasta naturaleza. Mientras que nos volvemos a apoyar en una mezcla de realidad y mito, <\/span><strong><i>Gaua<\/i><\/strong><span style=\"font-weight: 400;\"><strong> nos recuerda un periodo de opresi\u00f3n y paranoia colectiva<\/strong> tan terror\u00edfico como real, en el que cientos de mujeres fueron perseguidas y juzgadas por el m\u00e1s m\u00ednimo \u201cacto de rebeld\u00eda ante la opresi\u00f3n de la iglesia\u201d al grito de bruja o pecadora, representada en la propia pel\u00edcula con personajes fr\u00edos y calculadores, como el Padre Mateo, interpretado por un maravilloso Manex Fuchs.<\/span><\/p>\n<p><img decoding=\"async\" class=\"aligncenter wp-image-2653 size-large\" src=\"http:\/\/festivalcinefantaelx.com\/fantapress\/wp-content\/uploads\/2025\/11\/WhatsApp-Image-2025-11-15-at-03.23.01-1024x731.jpeg\" alt=\"\" width=\"1024\" height=\"731\" srcset=\"https:\/\/festivalcinefantaelx.com\/fantapress\/wp-content\/uploads\/2025\/11\/WhatsApp-Image-2025-11-15-at-03.23.01-1024x731.jpeg 1024w, https:\/\/festivalcinefantaelx.com\/fantapress\/wp-content\/uploads\/2025\/11\/WhatsApp-Image-2025-11-15-at-03.23.01-300x214.jpeg 300w, https:\/\/festivalcinefantaelx.com\/fantapress\/wp-content\/uploads\/2025\/11\/WhatsApp-Image-2025-11-15-at-03.23.01-768x548.jpeg 768w, https:\/\/festivalcinefantaelx.com\/fantapress\/wp-content\/uploads\/2025\/11\/WhatsApp-Image-2025-11-15-at-03.23.01-700x500.jpeg 700w, https:\/\/festivalcinefantaelx.com\/fantapress\/wp-content\/uploads\/2025\/11\/WhatsApp-Image-2025-11-15-at-03.23.01.jpeg 1188w\" sizes=\"(max-width: 1024px) 100vw, 1024px\" \/><\/p>\n<p><!-- \/wp:paragraph --><\/p>\t\t\t\t\t\t<\/div>\n\t\t\t\t<\/div>\n\t\t\t\t<div class=\"elementor-element elementor-element-c41f8be elementor-widget elementor-widget-text-editor\" data-id=\"c41f8be\" data-element_type=\"widget\" data-widget_type=\"text-editor.default\">\n\t\t\t\t<div class=\"elementor-widget-container\">\n\t\t\t\t\t\t\t<p><span style=\"font-weight: 400;\">Lo vemos reflejado en algunas afirmaciones: <strong>\u201cEsos inquisidores ven brujas incluso debajo de las piedras, basta con que bebas y te llevan presa\u201d<\/strong>.<\/span><\/p>\n<p><span style=\"font-weight: 400;\">Aunque <\/span><i><span style=\"font-weight: 400;\">Gaua<\/span><\/i><span style=\"font-weight: 400;\"> pueda parecer una pel\u00edcula centrada totalmente en los peligros fant\u00e1sticos que aguarda la noche, la crueldad humana de los que utilizan la fe como arma de doble filo est\u00e1 presente constantemente en la cinta. Y gracias a los recientes descubrimientos y a la reescritura de una historia censurada durante a\u00f1os, hemos podido ver que estos hechos no son para nada ajenos a la realidad, y es que casos como los de las Brujas de Zugarramurdi o las Monjas de Corella, que tanto temor han causado en la historia de nuestro pa\u00eds, <strong>esconden historias de mujeres inocentes perseguidas y ejecutadas por la iglesia por no seguir los est\u00e1ndares de una sociedad oprimida y callada injustamente<\/strong>.<\/span><\/p>\n<p><img loading=\"lazy\" decoding=\"async\" class=\"aligncenter wp-image-2654 size-large\" src=\"http:\/\/festivalcinefantaelx.com\/fantapress\/wp-content\/uploads\/2025\/11\/MG_0123-1024x683.jpg\" alt=\"\" width=\"1024\" height=\"683\" srcset=\"https:\/\/festivalcinefantaelx.com\/fantapress\/wp-content\/uploads\/2025\/11\/MG_0123-1024x683.jpg 1024w, https:\/\/festivalcinefantaelx.com\/fantapress\/wp-content\/uploads\/2025\/11\/MG_0123-300x200.jpg 300w, https:\/\/festivalcinefantaelx.com\/fantapress\/wp-content\/uploads\/2025\/11\/MG_0123-768x512.jpg 768w, https:\/\/festivalcinefantaelx.com\/fantapress\/wp-content\/uploads\/2025\/11\/MG_0123-1536x1024.jpg 1536w, https:\/\/festivalcinefantaelx.com\/fantapress\/wp-content\/uploads\/2025\/11\/MG_0123-2048x1365.jpg 2048w, https:\/\/festivalcinefantaelx.com\/fantapress\/wp-content\/uploads\/2025\/11\/MG_0123-700x467.jpg 700w\" sizes=\"(max-width: 1024px) 100vw, 1024px\" \/><\/p>\n<p><span style=\"font-weight: 400;\">Como se menciona en <\/span><i><span style=\"font-weight: 400;\">Alba en las Tinieblas, <\/span><\/i><span style=\"font-weight: 400;\">el p\u00f3dcast de Jessica Prado, <\/span><b>el principal enemigo de la inquisici\u00f3n nunca ha sido la brujer\u00eda, sino lo diferente<\/b><span style=\"font-weight: 400;\">. Miles de casos desaparecidos con el tiempo a los que la propia pel\u00edcula hace referencia y que nos recuerdan que hay que luchar contra corriente para no olvidar que durante un tiempo vivimos una \u00e9poca de asesinatos masivos que no ha tenido ning\u00fan tipo de repercusi\u00f3n hasta la actualidad y que tachaban las reuniones de mujeres independientes de mal\u00e9ficos aquelarres en los que \u201cel hombre era el enemigo p\u00fablico\u201d.<\/span><\/p>\n<p><img loading=\"lazy\" decoding=\"async\" class=\"aligncenter wp-image-2655 size-large\" src=\"http:\/\/festivalcinefantaelx.com\/fantapress\/wp-content\/uploads\/2025\/11\/MG_0203-1024x683.jpg\" alt=\"\" width=\"1024\" height=\"683\" srcset=\"https:\/\/festivalcinefantaelx.com\/fantapress\/wp-content\/uploads\/2025\/11\/MG_0203-1024x683.jpg 1024w, https:\/\/festivalcinefantaelx.com\/fantapress\/wp-content\/uploads\/2025\/11\/MG_0203-300x200.jpg 300w, https:\/\/festivalcinefantaelx.com\/fantapress\/wp-content\/uploads\/2025\/11\/MG_0203-768x512.jpg 768w, https:\/\/festivalcinefantaelx.com\/fantapress\/wp-content\/uploads\/2025\/11\/MG_0203-1536x1024.jpg 1536w, https:\/\/festivalcinefantaelx.com\/fantapress\/wp-content\/uploads\/2025\/11\/MG_0203-2048x1365.jpg 2048w, https:\/\/festivalcinefantaelx.com\/fantapress\/wp-content\/uploads\/2025\/11\/MG_0203-700x467.jpg 700w\" sizes=\"(max-width: 1024px) 100vw, 1024px\" \/><\/p>\n<p><i><span style=\"font-weight: 400;\">Gaua<\/span><\/i><span style=\"font-weight: 400;\"> rompe la fina l\u00ednea que dicta al espectador lo que convierte a una bruja en una figura mal\u00e9vola como las <\/span><i><span style=\"font-weight: 400;\">meigas<\/span><\/i><span style=\"font-weight: 400;\">, nos educa sobre la existencia de las ben\u00e9ficas, las lloberas o incluso las <\/span><i><span style=\"font-weight: 400;\">bruxas<\/span><\/i><span style=\"font-weight: 400;\"> como figuras altamente respetadas entre un gran n\u00famero de habitantes en los pueblos por ayudar al necesitado a su manera cuando estos no pod\u00edan acudir a la figura m\u00e1xima para pedir ayuda. Y, al mismo tiempo, nos ense\u00f1a c\u00f3mo <strong>ese respeto se esconde tras un manto de genuino temor<\/strong> en el que se hace todo lo posible por evitar que las personas en las que m\u00e1s se conf\u00eda te vean hablar con \u201cla bruja del pueblo\u201d por miedo a una acusaci\u00f3n de conspirar contra la iglesia.\u00a0<\/span><\/p>\n<p><img loading=\"lazy\" decoding=\"async\" class=\"aligncenter wp-image-2656 size-large\" src=\"http:\/\/festivalcinefantaelx.com\/fantapress\/wp-content\/uploads\/2025\/11\/MG_0351-1024x683.jpg\" alt=\"\" width=\"1024\" height=\"683\" srcset=\"https:\/\/festivalcinefantaelx.com\/fantapress\/wp-content\/uploads\/2025\/11\/MG_0351-1024x683.jpg 1024w, https:\/\/festivalcinefantaelx.com\/fantapress\/wp-content\/uploads\/2025\/11\/MG_0351-300x200.jpg 300w, https:\/\/festivalcinefantaelx.com\/fantapress\/wp-content\/uploads\/2025\/11\/MG_0351-768x512.jpg 768w, https:\/\/festivalcinefantaelx.com\/fantapress\/wp-content\/uploads\/2025\/11\/MG_0351-1536x1024.jpg 1536w, https:\/\/festivalcinefantaelx.com\/fantapress\/wp-content\/uploads\/2025\/11\/MG_0351-2048x1365.jpg 2048w, https:\/\/festivalcinefantaelx.com\/fantapress\/wp-content\/uploads\/2025\/11\/MG_0351-700x467.jpg 700w\" sizes=\"(max-width: 1024px) 100vw, 1024px\" \/><\/p>\n<p><span style=\"font-weight: 400;\">Con un dise\u00f1o de producci\u00f3n y arte espectacular, digno de las mejores obras fant\u00e1sticas del cine espa\u00f1ol, Paul Urkijo vuelve a consolidarse como uno de los directores m\u00e1s prometedores y empe\u00f1ados en ofrecer las historias m\u00e1s singulares en una industria en la que al g\u00e9nero del terror y lo fant\u00e1stico a veces le cuesta encontrar su espacio.<\/span><span style=\"font-weight: 400;\"><br \/><\/span><span style=\"font-weight: 400;\">La combinaci\u00f3n de una fotograf\u00eda sumamente cuidada, con los espectaculares efectos especiales de la cinta, y un dise\u00f1o de sonido sublime,\u00a0 genera una envolvente necesidad de pegar los ojos a la pantalla y no querer perder ni un segundo de la historia, haciendo que el tiempo pase volando y <strong>convirtiendo a <\/strong><\/span><strong><i>Gaua<\/i><\/strong><span style=\"font-weight: 400;\"><strong> en un producto que se ve, pero sobre todo, que se siente<\/strong>.<\/span><\/p>\t\t\t\t\t\t<\/div>\n\t\t\t\t<\/div>\n\t\t\t\t<\/div>\n\t\t<div class=\"elementor-element elementor-element-660f020 e-flex e-con-boxed parallax_section_no qode_elementor_container_no e-con e-parent\" data-id=\"660f020\" data-element_type=\"container\">\n\t\t\t\t\t<div class=\"e-con-inner\">\n\t\t\t\t\t<\/div>\n\t\t\t\t<\/div>\n\t\t\t\t<\/div>\n\t\t","protected":false},"excerpt":{"rendered":"<p>Pablo Tenza y Coral Maci\u00e1 (fotograf\u00eda) Tras la exitosa apertura de\u00a0FANTAELX con la proyecci\u00f3n de Ghost in the Shell (Mamoru Oshii, 1995) por su 30\u00ba aniversario, este viernes 14 de noviembre se ha proyectado en los cines ABC del Centro Comercial l\u2019Aljub, en exclusiva y&#8230;<\/p>\n","protected":false},"author":1,"featured_media":2650,"comment_status":"open","ping_status":"closed","sticky":false,"template":"elementor_theme","format":"standard","meta":{"footnotes":""},"categories":[41,35,38],"tags":[],"class_list":["post-2649","post","type-post","status-publish","format-standard","has-post-thumbnail","hentry","category-41","category-criticas","category-cronicas"],"_links":{"self":[{"href":"https:\/\/festivalcinefantaelx.com\/fantapress\/wp-json\/wp\/v2\/posts\/2649","targetHints":{"allow":["GET"]}}],"collection":[{"href":"https:\/\/festivalcinefantaelx.com\/fantapress\/wp-json\/wp\/v2\/posts"}],"about":[{"href":"https:\/\/festivalcinefantaelx.com\/fantapress\/wp-json\/wp\/v2\/types\/post"}],"author":[{"embeddable":true,"href":"https:\/\/festivalcinefantaelx.com\/fantapress\/wp-json\/wp\/v2\/users\/1"}],"replies":[{"embeddable":true,"href":"https:\/\/festivalcinefantaelx.com\/fantapress\/wp-json\/wp\/v2\/comments?post=2649"}],"version-history":[{"count":10,"href":"https:\/\/festivalcinefantaelx.com\/fantapress\/wp-json\/wp\/v2\/posts\/2649\/revisions"}],"predecessor-version":[{"id":2665,"href":"https:\/\/festivalcinefantaelx.com\/fantapress\/wp-json\/wp\/v2\/posts\/2649\/revisions\/2665"}],"wp:featuredmedia":[{"embeddable":true,"href":"https:\/\/festivalcinefantaelx.com\/fantapress\/wp-json\/wp\/v2\/media\/2650"}],"wp:attachment":[{"href":"https:\/\/festivalcinefantaelx.com\/fantapress\/wp-json\/wp\/v2\/media?parent=2649"}],"wp:term":[{"taxonomy":"category","embeddable":true,"href":"https:\/\/festivalcinefantaelx.com\/fantapress\/wp-json\/wp\/v2\/categories?post=2649"},{"taxonomy":"post_tag","embeddable":true,"href":"https:\/\/festivalcinefantaelx.com\/fantapress\/wp-json\/wp\/v2\/tags?post=2649"}],"curies":[{"name":"wp","href":"https:\/\/api.w.org\/{rel}","templated":true}]}}