{"id":2681,"date":"2025-11-16T01:54:16","date_gmt":"2025-11-16T00:54:16","guid":{"rendered":"https:\/\/festivalcinefantaelx.com\/fantapress\/?p=2681"},"modified":"2025-11-17T08:56:14","modified_gmt":"2025-11-17T07:56:14","slug":"en-este-mundo-es-posible-sonar-y-en-decorado","status":"publish","type":"post","link":"https:\/\/festivalcinefantaelx.com\/fantapress\/2025\/11\/16\/en-este-mundo-es-posible-sonar-y-en-decorado\/","title":{"rendered":"En este mundo es posible so\u00f1ar, \u00bfy en Decorado?"},"content":{"rendered":"\t\t<div data-elementor-type=\"wp-post\" data-elementor-id=\"2681\" class=\"elementor elementor-2681\" data-elementor-post-type=\"post\">\n\t\t\t\t<div class=\"elementor-element elementor-element-07bd0b6 e-grid e-con-full parallax_section_no qode_elementor_container_no e-con e-parent\" data-id=\"07bd0b6\" data-element_type=\"container\">\n\t\t\t\t<div class=\"elementor-element elementor-element-1085c917 elementor-widget elementor-widget-text-editor\" data-id=\"1085c917\" data-element_type=\"widget\" data-widget_type=\"text-editor.default\">\n\t\t\t\t<div class=\"elementor-widget-container\">\n\t\t\t\t\t\t\t<h6>Martina Escales, Marina Villalba y Coral Maci\u00e1 (fotograf\u00eda)<\/h6>\n<h2>La proyecci\u00f3n de <em>Decorado<\/em> ha tenido lugar a las 19 horas en la sala 10 de los cines ABC en el centro comercial l&#8217;Aljub.<\/h2>\n<p><span style=\"font-weight: 400;\">La funci\u00f3n ha sido introducida por una breve intervenci\u00f3n de Fran Mateu, director de FANTAELX, y Mario-Paul Mart\u00ednez Fabre, subdirector del Festival, donde recordaban que, desde que el festival tuvo su segunda edici\u00f3n en 2014, las obras de Alberto V\u00e1zquez han pasado por aqu\u00ed, pero que esta <strong>ha sido la primera ocasi\u00f3n en la que el propio director ha acudido presencialmente al Festival<\/strong>.<\/span><\/p>\n<p><img fetchpriority=\"high\" decoding=\"async\" class=\"aligncenter wp-image-2682 size-large\" src=\"http:\/\/festivalcinefantaelx.com\/fantapress\/wp-content\/uploads\/2025\/11\/MG_0140-1024x683.jpg\" alt=\"\" width=\"1024\" height=\"683\" srcset=\"https:\/\/festivalcinefantaelx.com\/fantapress\/wp-content\/uploads\/2025\/11\/MG_0140-1024x683.jpg 1024w, https:\/\/festivalcinefantaelx.com\/fantapress\/wp-content\/uploads\/2025\/11\/MG_0140-300x200.jpg 300w, https:\/\/festivalcinefantaelx.com\/fantapress\/wp-content\/uploads\/2025\/11\/MG_0140-768x512.jpg 768w, https:\/\/festivalcinefantaelx.com\/fantapress\/wp-content\/uploads\/2025\/11\/MG_0140-1536x1024.jpg 1536w, https:\/\/festivalcinefantaelx.com\/fantapress\/wp-content\/uploads\/2025\/11\/MG_0140-2048x1365.jpg 2048w, https:\/\/festivalcinefantaelx.com\/fantapress\/wp-content\/uploads\/2025\/11\/MG_0140-700x467.jpg 700w\" sizes=\"(max-width: 1024px) 100vw, 1024px\" \/><\/p>\n<p><span style=\"font-weight: 400;\">En poco tiempo, \u00a1fue un \u00e9xito! Las entradas de <\/span><i><span style=\"font-weight: 400;\">Decorado<\/span><\/i><span style=\"font-weight: 400;\"> se agotaron y el ambiente que se percibi\u00f3 durante la funci\u00f3n fue animado, con risas y silencios llenos de suspense por la tensi\u00f3n y el desenlace de la pel\u00edcula.<\/span><\/p>\n<p><strong><i>Decorado<\/i><\/strong><span style=\"font-weight: 400;\"><strong> es el tercer largometraje dirigido por Alberto V\u00e1zquez<\/strong>, ganador de cuatro Goyas por su cortometraje <\/span><i><span style=\"font-weight: 400;\">Birdboy<\/span><\/i><span style=\"font-weight: 400;\"> (2012)<\/span> <span style=\"font-weight: 400;\">y los largometrajes <\/span><i><span style=\"font-weight: 400;\">Psiconautas, los ni\u00f1os olvidados <\/span><\/i><span style=\"font-weight: 400;\">(2017) y <\/span><i><span style=\"font-weight: 400;\">Unicorn Wars <\/span><\/i><span style=\"font-weight: 400;\">(2023)<\/span><i><span style=\"font-weight: 400;\">. <\/span><\/i><span style=\"font-weight: 400;\">La pel\u00edcula se presenta como la extensi\u00f3n de un cortometraje dirigido por el mismo director en 2016 y que consta del mismo nombre.<\/span><\/p>\n<p><span style=\"font-weight: 400;\">En ella, se relata la historia de Arnold, un peque\u00f1o rat\u00f3n que lleva en paro muchos a\u00f1os y que empieza a experimentar <strong>una profunda crisis existencial cuando siente que el mundo que le rodea no es real<\/strong>.<\/span><\/p>\n<p><span style=\"font-weight: 400;\">A diferencia del corto inicial, su pareja, Mar\u00eda, gana profundidad y, aunque est\u00e1n sumidos en una crisis matrimonial, se quieren y se respetan. \u201cAntes de todo, somos amigos\u201d, pronunci\u00f3 Arnold ante una de las crudas situaciones que vivi\u00f3 la pareja en crisis.<\/span><\/p>\n<p><span style=\"font-weight: 400;\">A lo largo del filme, Arnold y sus amigos, el Pollo Crazy y Ramiro, <strong>inician la b\u00fasqueda de la libertad<\/strong>, tratando de encontrar formas de salir de \u201cAlma\u201d el mundo (curiosamente sin alma) en el que parecen estar atrapados todos ellos bajo la direcci\u00f3n de una gran empresa que tiene el dominio. Arnold, durante toda la pel\u00edcula, vive una confusi\u00f3n entre la realidad y el sue\u00f1o. \u201cEn este mundo no es posible so\u00f1ar\u201d, le responde su doctor al que acude para tratar de hallar respuesta.\u00a0<\/span><\/p>\n<p><!-- \/wp:paragraph --><\/p>\t\t\t\t\t\t<\/div>\n\t\t\t\t<\/div>\n\t\t\t\t<div class=\"elementor-element elementor-element-c41f8be elementor-widget elementor-widget-text-editor\" data-id=\"c41f8be\" data-element_type=\"widget\" data-widget_type=\"text-editor.default\">\n\t\t\t\t<div class=\"elementor-widget-container\">\n\t\t\t\t\t\t\t<p><span style=\"font-weight: 400;\">Durante la traves\u00eda de Arnold, se ve c\u00f3mo es excluido socialmente, desde su b\u00fasqueda de trabajo hasta su intento de reinsertarse en la sociedad. Este desequilibrio, que ven\u00eda de experiencias similares anteriores, aumenta cuando <strong>cae en la desrealizaci\u00f3n<\/strong> seg\u00fan su doctor. El doctor puede ser una figura que dijera la verdad porque el trastorno era real o tambi\u00e9n pudo haber sido por otra raz\u00f3n adicional para que Arnold dejara de creer en esas ideas de libertad. Mejor dicho, esos sue\u00f1os, ya que, <strong>en los sue\u00f1os, se decide el futuro que uno quiere tener<\/strong>.<\/span><\/p>\n<p><span style=\"font-weight: 400;\">Los trabajos audiovisuales dirigidos por Alberto V\u00e1zquez tienen ciertas cosas en com\u00fan: la cr\u00edtica social y un personaje al borde de la crisis. Todo ello mezclado con drama, terror y <strong>un sentido del humor crudo al estilo de la retranca gallega<\/strong>. Esta pel\u00edcula no es una excepci\u00f3n. A trav\u00e9s de esta premisa, <\/span><i><span style=\"font-weight: 400;\">Decorado<\/span><\/i><span style=\"font-weight: 400;\"> sumerge al espectador en la profunda sensaci\u00f3n de despersonalizaci\u00f3n que sienten los personajes, desconectados del mundo decadente en el que est\u00e1n atrapados.<\/span><\/p>\n<p><span style=\"font-weight: 400;\">Entre toda esa sensaci\u00f3n de angustia, falta de identidad y relaciones falsas, el espectador encuentra un alivio en la relaci\u00f3n que tiene Arnold con Mar\u00eda o incluso con sus amigos. Y as\u00ed es c\u00f3mo la audiencia comprende que <strong>lo \u00fanico verdadero que hay en <\/strong><\/span><strong><i>Decorado <\/i><\/strong><span style=\"font-weight: 400;\"><strong>es el amor que siente Arnold hacia ellos<\/strong>.<\/span><\/p>\n<p><span style=\"font-weight: 400;\">A pesar de que el corto original constaba de una paleta de blancos y grises, esta vez Alberto V\u00e1zquez ha apostado por la fuerza del color que dota de gran dinamismo las escenas y aporta un valor simb\u00f3lico a la escenograf\u00eda. Adem\u00e1s de eso, <\/span><strong><i>Decorado<\/i><\/strong><span style=\"font-weight: 400;\"><strong> sigue la l\u00ednea tradicional del Disney original<\/strong>, una est\u00e9tica aparentemente vulnerable e inocente que acompa\u00f1a un gran contraste con el trasfondo de la pel\u00edcula.\u00a0<\/span><\/p>\n<p><img decoding=\"async\" class=\"aligncenter wp-image-2683 size-large\" src=\"http:\/\/festivalcinefantaelx.com\/fantapress\/wp-content\/uploads\/2025\/11\/MG_0146-1024x683.jpg\" alt=\"\" width=\"1024\" height=\"683\" srcset=\"https:\/\/festivalcinefantaelx.com\/fantapress\/wp-content\/uploads\/2025\/11\/MG_0146-1024x683.jpg 1024w, https:\/\/festivalcinefantaelx.com\/fantapress\/wp-content\/uploads\/2025\/11\/MG_0146-300x200.jpg 300w, https:\/\/festivalcinefantaelx.com\/fantapress\/wp-content\/uploads\/2025\/11\/MG_0146-768x512.jpg 768w, https:\/\/festivalcinefantaelx.com\/fantapress\/wp-content\/uploads\/2025\/11\/MG_0146-1536x1024.jpg 1536w, https:\/\/festivalcinefantaelx.com\/fantapress\/wp-content\/uploads\/2025\/11\/MG_0146-2048x1366.jpg 2048w, https:\/\/festivalcinefantaelx.com\/fantapress\/wp-content\/uploads\/2025\/11\/MG_0146-700x467.jpg 700w\" sizes=\"(max-width: 1024px) 100vw, 1024px\" \/><\/p>\n<p><span style=\"font-weight: 400;\">Alberto V\u00e1zquez no decepciona con <em>Decorado<\/em>. Al igual que en sus otras obras, el filme no deja indiferente. Alberto V\u00e1zquez consigue simplificar una realidad extremadamente compleja y cruda de forma que el espectador puede digerirla en apenas una hora y media de pel\u00edcula. Aporta una visi\u00f3n distinta del mundo, algo macabra e intranquilizadora que <strong>expone el valor de las relaciones reales, algo que muchas veces damos por hecho<\/strong>.<\/span><\/p>\t\t\t\t\t\t<\/div>\n\t\t\t\t<\/div>\n\t\t\t\t<\/div>\n\t\t<div class=\"elementor-element elementor-element-660f020 e-flex e-con-boxed parallax_section_no qode_elementor_container_no e-con e-parent\" data-id=\"660f020\" data-element_type=\"container\">\n\t\t\t\t\t<div class=\"e-con-inner\">\n\t\t\t\t\t<\/div>\n\t\t\t\t<\/div>\n\t\t\t\t<\/div>\n\t\t","protected":false},"excerpt":{"rendered":"<p>Martina Escales, Marina Villalba y Coral Maci\u00e1 (fotograf\u00eda) La proyecci\u00f3n de Decorado ha tenido lugar a las 19 horas en la sala 10 de los cines ABC en el centro comercial l&#8217;Aljub. La funci\u00f3n ha sido introducida por una breve intervenci\u00f3n de Fran Mateu, director&#8230;<\/p>\n","protected":false},"author":1,"featured_media":2682,"comment_status":"open","ping_status":"closed","sticky":false,"template":"elementor_theme","format":"standard","meta":{"footnotes":""},"categories":[41,35,38],"tags":[],"class_list":["post-2681","post","type-post","status-publish","format-standard","has-post-thumbnail","hentry","category-41","category-criticas","category-cronicas"],"_links":{"self":[{"href":"https:\/\/festivalcinefantaelx.com\/fantapress\/wp-json\/wp\/v2\/posts\/2681","targetHints":{"allow":["GET"]}}],"collection":[{"href":"https:\/\/festivalcinefantaelx.com\/fantapress\/wp-json\/wp\/v2\/posts"}],"about":[{"href":"https:\/\/festivalcinefantaelx.com\/fantapress\/wp-json\/wp\/v2\/types\/post"}],"author":[{"embeddable":true,"href":"https:\/\/festivalcinefantaelx.com\/fantapress\/wp-json\/wp\/v2\/users\/1"}],"replies":[{"embeddable":true,"href":"https:\/\/festivalcinefantaelx.com\/fantapress\/wp-json\/wp\/v2\/comments?post=2681"}],"version-history":[{"count":4,"href":"https:\/\/festivalcinefantaelx.com\/fantapress\/wp-json\/wp\/v2\/posts\/2681\/revisions"}],"predecessor-version":[{"id":2688,"href":"https:\/\/festivalcinefantaelx.com\/fantapress\/wp-json\/wp\/v2\/posts\/2681\/revisions\/2688"}],"wp:featuredmedia":[{"embeddable":true,"href":"https:\/\/festivalcinefantaelx.com\/fantapress\/wp-json\/wp\/v2\/media\/2682"}],"wp:attachment":[{"href":"https:\/\/festivalcinefantaelx.com\/fantapress\/wp-json\/wp\/v2\/media?parent=2681"}],"wp:term":[{"taxonomy":"category","embeddable":true,"href":"https:\/\/festivalcinefantaelx.com\/fantapress\/wp-json\/wp\/v2\/categories?post=2681"},{"taxonomy":"post_tag","embeddable":true,"href":"https:\/\/festivalcinefantaelx.com\/fantapress\/wp-json\/wp\/v2\/tags?post=2681"}],"curies":[{"name":"wp","href":"https:\/\/api.w.org\/{rel}","templated":true}]}}