{"id":2703,"date":"2025-11-17T03:51:43","date_gmt":"2025-11-17T02:51:43","guid":{"rendered":"https:\/\/festivalcinefantaelx.com\/fantapress\/?p=2703"},"modified":"2025-11-17T08:56:05","modified_gmt":"2025-11-17T07:56:05","slug":"luger-la-verdadera-pistola-nazi-son-los-amigos-que-hicimos-por-el-camino","status":"publish","type":"post","link":"https:\/\/festivalcinefantaelx.com\/fantapress\/2025\/11\/17\/luger-la-verdadera-pistola-nazi-son-los-amigos-que-hicimos-por-el-camino\/","title":{"rendered":"Luger: la verdadera pistola nazi son los amigos que hicimos por el camino"},"content":{"rendered":"\t\t<div data-elementor-type=\"wp-post\" data-elementor-id=\"2703\" class=\"elementor elementor-2703\" data-elementor-post-type=\"post\">\n\t\t\t\t<div class=\"elementor-element elementor-element-07bd0b6 e-grid e-con-full parallax_section_no qode_elementor_container_no e-con e-parent\" data-id=\"07bd0b6\" data-element_type=\"container\">\n\t\t\t\t<div class=\"elementor-element elementor-element-1085c917 elementor-widget elementor-widget-text-editor\" data-id=\"1085c917\" data-element_type=\"widget\" data-widget_type=\"text-editor.default\">\n\t\t\t\t<div class=\"elementor-widget-container\">\n\t\t\t\t\t\t\t<h6>Zoe Montilla y Coral Maci\u00e1 (fotograf\u00eda)<\/h6><h2>Un canario, un gitano y Bruno Mart\u00edn entran a un bar. Este domingo, 16 de noviembre, se ha llenado una sala de los cines ABC de l&#8217;Aljub de curiosos espectadores con palomitas en mano, todos en b\u00fasqueda de una experiencia audiovisual con mucha acci\u00f3n, mucha comedia, muchos tiros, pu\u00f1aladas, violencia y el poder de la amistad. Por suerte para nosotros, <em>Luger<\/em> da todo lo pedido.<\/h2><p><span style=\"font-weight: 400;\">La sesi\u00f3n de este d\u00eda ha contado con una breve presentaci\u00f3n de Fran Mateu y Mario-Paul Mart\u00ednez \u2014director y subdirector de FANTAELX, respectivamente\u2014, la proyecci\u00f3n del largometraje y un coloquio con el director Bruno Mart\u00edn, la productora asociada Irene Guerrero y el actor \u00c1ngel Acero. Se dice r\u00e1pido pero cuesta creerlo, FANTAELX ha tenido el honor de dar la bienvenida al productor de <\/span><i><span style=\"font-weight: 400;\">Os reviento<\/span><\/i><span style=\"font-weight: 400;\"> (2023), actor en series como <\/span><i><span style=\"font-weight: 400;\">En fin <\/span><\/i><span style=\"font-weight: 400;\">(2024), <\/span><i><span style=\"font-weight: 400;\">Patria <\/span><\/i><span style=\"font-weight: 400;\">(2020), <\/span><i><span style=\"font-weight: 400;\">Mambo <\/span><\/i><span style=\"font-weight: 400;\">(2018), y mil cosas m\u00e1s, adem\u00e1s de director y montador de varias webseries propias como <\/span><i><span style=\"font-weight: 400;\">Aczi\u00f3n <\/span><\/i><span style=\"font-weight: 400;\">y <\/span><i><span style=\"font-weight: 400;\">A todo riesgo<\/span><\/i><span style=\"font-weight: 400;\">\u2026 <strong>Bruno Mart\u00edn es un hombre con muchas facetas, pero todas est\u00e1n pulidas<\/strong>.<\/span><\/p><p><img fetchpriority=\"high\" decoding=\"async\" class=\"aligncenter wp-image-2707 size-large\" src=\"http:\/\/festivalcinefantaelx.com\/fantapress\/wp-content\/uploads\/2025\/11\/MG_0536-copia-1024x683.jpg\" alt=\"\" width=\"1024\" height=\"683\" srcset=\"https:\/\/festivalcinefantaelx.com\/fantapress\/wp-content\/uploads\/2025\/11\/MG_0536-copia-1024x683.jpg 1024w, https:\/\/festivalcinefantaelx.com\/fantapress\/wp-content\/uploads\/2025\/11\/MG_0536-copia-300x200.jpg 300w, https:\/\/festivalcinefantaelx.com\/fantapress\/wp-content\/uploads\/2025\/11\/MG_0536-copia-768x512.jpg 768w, https:\/\/festivalcinefantaelx.com\/fantapress\/wp-content\/uploads\/2025\/11\/MG_0536-copia-1536x1024.jpg 1536w, https:\/\/festivalcinefantaelx.com\/fantapress\/wp-content\/uploads\/2025\/11\/MG_0536-copia-2048x1365.jpg 2048w, https:\/\/festivalcinefantaelx.com\/fantapress\/wp-content\/uploads\/2025\/11\/MG_0536-copia-700x467.jpg 700w\" sizes=\"(max-width: 1024px) 100vw, 1024px\" \/><\/p><p><i><span style=\"font-weight: 400;\">Luger <\/span><\/i><span style=\"font-weight: 400;\">sigue la historia de\u2026 Un pol\u00edgono, un coche blanco y una pistola usada en Alemania en la Segunda Guerra Mundial. Rafa y Toni son unos hermanos que trabajan haciendo recados algo ilegales para ganarse la vida, pero aceptan una misi\u00f3n que r\u00e1pidamente se les tuerce de manera irreversible. Como puede pasarle a cualquiera, una cosa lleva a la otra y <strong>terminan siendo cazados por una banda violenta liderada por el nieto de un nazi<\/strong>.<\/span><\/p><p><span style=\"font-weight: 400;\">Bruno Mart\u00edn comenta que sus pel\u00edculas favoritas ocurr\u00edan en un d\u00eda y acababan en pol\u00edgonos. Tambi\u00e9n es un hecho que la idea de este proyecto empez\u00f3 con la ilusi\u00f3n de lanzar un mensaje sobre la amistad y lealtad, junto a un peque\u00f1o <em>skit<\/em> en el que dos personajes encontraban una misteriosa caja fuerte y la intentaban vender sin saber qu\u00e9 hab\u00eda dentro. Juntando todas estas ideas se fue formando la pel\u00edcula que conocemos como <\/span><i><span style=\"font-weight: 400;\">Luger<\/span><\/i><span style=\"font-weight: 400;\">. El ficticio pol\u00edgono industrial \u201cSantos 117\u201d es parte importante del ambiente de la pel\u00edcula: igual que en un <\/span><i><span style=\"font-weight: 400;\">folk horror <\/span><\/i><span style=\"font-weight: 400;\">la naturaleza es el monstruo y en el <\/span><i><span style=\"font-weight: 400;\">ciberpunk<\/span><\/i><span style=\"font-weight: 400;\"> la ciudad es el opresor, en <\/span><i><span style=\"font-weight: 400;\">Luger<\/span><\/i><span style=\"font-weight: 400;\"><strong> el pol\u00edgono es la amenaza<\/strong>. La obra te atrapa, literalmente acorralando al espectador en la peor parte de las afueras de una ciudad.<\/span><\/p><p><img decoding=\"async\" class=\"size-medium wp-image-2705 aligncenter\" src=\"http:\/\/festivalcinefantaelx.com\/fantapress\/wp-content\/uploads\/2025\/11\/4-288x300.png\" alt=\"\" width=\"288\" height=\"300\" srcset=\"https:\/\/festivalcinefantaelx.com\/fantapress\/wp-content\/uploads\/2025\/11\/4-288x300.png 288w, https:\/\/festivalcinefantaelx.com\/fantapress\/wp-content\/uploads\/2025\/11\/4-981x1024.png 981w, https:\/\/festivalcinefantaelx.com\/fantapress\/wp-content\/uploads\/2025\/11\/4-768x801.png 768w, https:\/\/festivalcinefantaelx.com\/fantapress\/wp-content\/uploads\/2025\/11\/4-700x730.png 700w, https:\/\/festivalcinefantaelx.com\/fantapress\/wp-content\/uploads\/2025\/11\/4.png 1035w\" sizes=\"(max-width: 288px) 100vw, 288px\" \/><\/p><p><span style=\"font-weight: 400;\">Las inspiraciones son claras: <\/span><i><span style=\"font-weight: 400;\">Crank <\/span><\/i><span style=\"font-weight: 400;\">(Brian Taylor, Mark Neveldine, 2006), <\/span><i><span style=\"font-weight: 400;\">Collateral <\/span><\/i><span style=\"font-weight: 400;\">(Michael Mann, 2004), <\/span><i><span style=\"font-weight: 400;\">Casino Royale <\/span><\/i><span style=\"font-weight: 400;\">(Martin Campbell, 2006), <\/span><i><span style=\"font-weight: 400;\">Snatch: cerdos y diamantes <\/span><\/i><span style=\"font-weight: 400;\">(Guy Ritchie, 2000), entre otras. El personaje de Toni (Mario Mayo) recuerda a roles de Jason Statham o Bruce Willis, el arquetipo del bruto con un gran coraz\u00f3n, como Kronk, de <\/span><i><span style=\"font-weight: 400;\">El emperador y sus locuras<\/span><\/i><span style=\"font-weight: 400;\"> (Mark Dindal, 2000). Por otro lado, Rafa (David Sainz) tiene un rol de \u201cbardo\u201d, una persona listilla y carism\u00e1tica que quita la fachada en momentos de tensi\u00f3n. Sin duda, un d\u00fao din\u00e1mico que te hace querer ver m\u00e1s de ellos. <strong>Bruno Mart\u00edn ha dado indicios de posibles precuelas o series basadas en <\/strong><\/span><strong><i>Luger<\/i><\/strong><span style=\"font-weight: 400;\"> durante el coloquio, as\u00ed que ese futuro no es tan incierto.<\/span><\/p><p><!-- \/wp:paragraph --><\/p>\t\t\t\t\t\t<\/div>\n\t\t\t\t<\/div>\n\t\t\t\t<div class=\"elementor-element elementor-element-c41f8be elementor-widget elementor-widget-text-editor\" data-id=\"c41f8be\" data-element_type=\"widget\" data-widget_type=\"text-editor.default\">\n\t\t\t\t<div class=\"elementor-widget-container\">\n\t\t\t\t\t\t\t<p><span style=\"font-weight: 400;\">No hay que confundir esta obra con una recopilaci\u00f3n de mamporros, macarradas y chistecitos; hay que verla como lo que son: <strong>mamporros cuidados, macarradas con coraz\u00f3n y chistecitos enternecedores<\/strong>. Es una pel\u00edcula de acci\u00f3n con mucho suspense, tensi\u00f3n, peleas y persecuciones muy satisfactoriamente coreografiadas, y que no son obstruidas sino potenciadas por las escenas de fraternidad, amistad, melancol\u00eda por viejos amores, b\u00fasqueda del destino de uno mismo y el intento de empezar de nuevo. Narrativamente, uno de los puntos m\u00e1s fuertes de la pel\u00edcula es el hecho de que <strong>todos los personajes, aunque algunos tengan 30 segundos en pantalla, son humanos<\/strong>. Cada nombre del elenco tiene una personalidad y una historia, lo que es una <\/span><i><span style=\"font-weight: 400;\">masterclass<\/span><\/i><span style=\"font-weight: 400;\"> en construcci\u00f3n de un ambiente ficticio cre\u00edble.<\/span><\/p><p><img decoding=\"async\" class=\"aligncenter wp-image-2706 size-large\" src=\"http:\/\/festivalcinefantaelx.com\/fantapress\/wp-content\/uploads\/2025\/11\/MG_0687-819x1024.jpg\" alt=\"\" width=\"819\" height=\"1024\" srcset=\"https:\/\/festivalcinefantaelx.com\/fantapress\/wp-content\/uploads\/2025\/11\/MG_0687-819x1024.jpg 819w, https:\/\/festivalcinefantaelx.com\/fantapress\/wp-content\/uploads\/2025\/11\/MG_0687-240x300.jpg 240w, https:\/\/festivalcinefantaelx.com\/fantapress\/wp-content\/uploads\/2025\/11\/MG_0687-768x960.jpg 768w, https:\/\/festivalcinefantaelx.com\/fantapress\/wp-content\/uploads\/2025\/11\/MG_0687-700x875.jpg 700w, https:\/\/festivalcinefantaelx.com\/fantapress\/wp-content\/uploads\/2025\/11\/MG_0687.jpg 1080w\" sizes=\"(max-width: 819px) 100vw, 819px\" \/><\/p><p><span style=\"font-weight: 400;\">El <\/span><i><span style=\"font-weight: 400;\">cast<\/span><\/i><span style=\"font-weight: 400;\"> principal est\u00e1 elegido perfectamente, cualquiera dir\u00eda que los personajes fueron escritos para esos actores \u2014de hecho, ese fue el caso\u2014. El director cont\u00f3 con un equipo m\u00e1s grande para esta producci\u00f3n; sin embargo, hay ciertas cosas que nunca cambian. El actor fetiche de Bruno Mart\u00edn, \u00c1ngel Acero, encarna a Juan naturalmente, al igual que el resto del repertorio de actores, gracias a la visi\u00f3n del director, que, como productor y guionista, tuvo claro desde el primer momento qui\u00e9n se pondr\u00eda en la piel de qui\u00e9n.\u00a0<\/span><\/p><p><span style=\"font-weight: 400;\">Este no es el \u00fanico sentido en el que brilla la pel\u00edcula. Cuando el equipo ha revelado durante el coloquio que Bruno trabaja en el rodaje teniendo en cuenta el montaje, todo ha cuadrado en la mente de los presentes. El montaje, como deber\u00eda ser en casi cualquier obra, es perfectamente natural para el estilo que tiene la pel\u00edcula. Trabajar la fotograf\u00eda y el montaje en la misma cabeza de forma paralela claramente ayuda a conseguir una est\u00e9tica uniforme, un ritmo coherente y, en general, <strong>una pel\u00edcula que no aburre ni abruma en ning\u00fan momento<\/strong>.<\/span><\/p><p><img loading=\"lazy\" decoding=\"async\" class=\"aligncenter wp-image-2704 size-large\" src=\"http:\/\/festivalcinefantaelx.com\/fantapress\/wp-content\/uploads\/2025\/11\/6-981x1024.png\" alt=\"\" width=\"981\" height=\"1024\" srcset=\"https:\/\/festivalcinefantaelx.com\/fantapress\/wp-content\/uploads\/2025\/11\/6-981x1024.png 981w, https:\/\/festivalcinefantaelx.com\/fantapress\/wp-content\/uploads\/2025\/11\/6-288x300.png 288w, https:\/\/festivalcinefantaelx.com\/fantapress\/wp-content\/uploads\/2025\/11\/6-768x801.png 768w, https:\/\/festivalcinefantaelx.com\/fantapress\/wp-content\/uploads\/2025\/11\/6-700x730.png 700w, https:\/\/festivalcinefantaelx.com\/fantapress\/wp-content\/uploads\/2025\/11\/6.png 1035w\" sizes=\"(max-width: 981px) 100vw, 981px\" \/><\/p><p><span style=\"font-weight: 400;\">Si se busca una pel\u00edcula para divertirse, para llorar, o las dos a la vez, o para apreciar el arte cinematogr\u00e1fico, o para b\u00e1sicamente cualquier actividad excepto dormir, <\/span><i><span style=\"font-weight: 400;\">Luger<\/span><\/i><span style=\"font-weight: 400;\"> es la obra. Pero, si no te ha sido posible acudir a la proyecci\u00f3n este domingo, no intentes piratearla: <strong>si compras algo robado puedes terminar con una pu\u00f1alada en el pecho, lo que har\u00eda muy dif\u00edcil poder ver <\/strong><\/span><strong><i>Luger<\/i><\/strong><span style=\"font-weight: 400;\">.<\/span><\/p>\t\t\t\t\t\t<\/div>\n\t\t\t\t<\/div>\n\t\t\t\t<\/div>\n\t\t<div class=\"elementor-element elementor-element-660f020 e-flex e-con-boxed parallax_section_no qode_elementor_container_no e-con e-parent\" data-id=\"660f020\" data-element_type=\"container\">\n\t\t\t\t\t<div class=\"e-con-inner\">\n\t\t\t\t\t<\/div>\n\t\t\t\t<\/div>\n\t\t\t\t<\/div>\n\t\t","protected":false},"excerpt":{"rendered":"<p>Zoe Montilla y Coral Maci\u00e1 (fotograf\u00eda) Un canario, un gitano y Bruno Mart\u00edn entran a un bar. Este domingo, 16 de noviembre, se ha llenado una sala de los cines ABC de l&#8217;Aljub de curiosos espectadores con palomitas en mano, todos en b\u00fasqueda de una&#8230;<\/p>\n","protected":false},"author":1,"featured_media":2707,"comment_status":"open","ping_status":"closed","sticky":false,"template":"elementor_theme","format":"standard","meta":{"footnotes":""},"categories":[41,35,38],"tags":[],"class_list":["post-2703","post","type-post","status-publish","format-standard","has-post-thumbnail","hentry","category-41","category-criticas","category-cronicas"],"_links":{"self":[{"href":"https:\/\/festivalcinefantaelx.com\/fantapress\/wp-json\/wp\/v2\/posts\/2703","targetHints":{"allow":["GET"]}}],"collection":[{"href":"https:\/\/festivalcinefantaelx.com\/fantapress\/wp-json\/wp\/v2\/posts"}],"about":[{"href":"https:\/\/festivalcinefantaelx.com\/fantapress\/wp-json\/wp\/v2\/types\/post"}],"author":[{"embeddable":true,"href":"https:\/\/festivalcinefantaelx.com\/fantapress\/wp-json\/wp\/v2\/users\/1"}],"replies":[{"embeddable":true,"href":"https:\/\/festivalcinefantaelx.com\/fantapress\/wp-json\/wp\/v2\/comments?post=2703"}],"version-history":[{"count":7,"href":"https:\/\/festivalcinefantaelx.com\/fantapress\/wp-json\/wp\/v2\/posts\/2703\/revisions"}],"predecessor-version":[{"id":2714,"href":"https:\/\/festivalcinefantaelx.com\/fantapress\/wp-json\/wp\/v2\/posts\/2703\/revisions\/2714"}],"wp:featuredmedia":[{"embeddable":true,"href":"https:\/\/festivalcinefantaelx.com\/fantapress\/wp-json\/wp\/v2\/media\/2707"}],"wp:attachment":[{"href":"https:\/\/festivalcinefantaelx.com\/fantapress\/wp-json\/wp\/v2\/media?parent=2703"}],"wp:term":[{"taxonomy":"category","embeddable":true,"href":"https:\/\/festivalcinefantaelx.com\/fantapress\/wp-json\/wp\/v2\/categories?post=2703"},{"taxonomy":"post_tag","embeddable":true,"href":"https:\/\/festivalcinefantaelx.com\/fantapress\/wp-json\/wp\/v2\/tags?post=2703"}],"curies":[{"name":"wp","href":"https:\/\/api.w.org\/{rel}","templated":true}]}}