{"id":2723,"date":"2025-11-18T02:11:03","date_gmt":"2025-11-18T01:11:03","guid":{"rendered":"https:\/\/festivalcinefantaelx.com\/fantapress\/?p=2723"},"modified":"2025-11-18T08:17:05","modified_gmt":"2025-11-18T07:17:05","slug":"despues-de-la-boda-un-corto-que-merece-ser-visto","status":"publish","type":"post","link":"https:\/\/festivalcinefantaelx.com\/fantapress\/2025\/11\/18\/despues-de-la-boda-un-corto-que-merece-ser-visto\/","title":{"rendered":"Despu\u00e9s de la boda: un corto que merece ser visto"},"content":{"rendered":"\t\t<div data-elementor-type=\"wp-post\" data-elementor-id=\"2723\" class=\"elementor elementor-2723\" data-elementor-post-type=\"post\">\n\t\t\t\t<div class=\"elementor-element elementor-element-07bd0b6 e-grid e-con-full parallax_section_no qode_elementor_container_no e-con e-parent\" data-id=\"07bd0b6\" data-element_type=\"container\">\n\t\t\t\t<div class=\"elementor-element elementor-element-1085c917 elementor-widget elementor-widget-text-editor\" data-id=\"1085c917\" data-element_type=\"widget\" data-widget_type=\"text-editor.default\">\n\t\t\t\t<div class=\"elementor-widget-container\">\n\t\t\t\t\t\t\t<h6>H\u00e9ctor Ant\u00f3n<\/h6><h2>FANTAELX vuelve a recuperar para el p\u00fablico, gracias al profesor Jaume Quiles, un cortometraje con m\u00e1s de cuarenta a\u00f1os de edad: <em>Despu\u00e9s de la boda<\/em>. Su director es Rafael Pomares Peral, uno de los miembros fundadores de la ACAI, quien expone su obra en la gran pantalla del edificio Valona.<\/h2><p><span style=\"font-weight: 400;\">Esta pel\u00edcula se proyect\u00f3 a las 17:30 para una sala repleta de espectadores que estaban entusiasmados por verla. Antes de dar comienzo, Fran Mateu, director de este maravilloso Festival, present\u00f3 el evento, junto a los ya mencionados Jaume Quiles y Rafael Pomares, el protagonista de la velada. Ya habiendo introducido <\/span><i><span style=\"font-weight: 400;\">Despu\u00e9s de la boda<\/span><\/i><span style=\"font-weight: 400;\">, el p\u00fablico pudo disfrutar de una versi\u00f3n de la obra digitalizada, subtitulada al valenciano y con un doblaje actualizado mediante el uso de inteligencia artificial. Esto se hizo para facilitar la comprensi\u00f3n de los di\u00e1logos.<\/span><\/p><p><img fetchpriority=\"high\" decoding=\"async\" class=\"aligncenter wp-image-2724 size-large\" src=\"http:\/\/festivalcinefantaelx.com\/fantapress\/wp-content\/uploads\/2025\/11\/IMG_0233-1024x683.jpg\" alt=\"\" width=\"1024\" height=\"683\" srcset=\"https:\/\/festivalcinefantaelx.com\/fantapress\/wp-content\/uploads\/2025\/11\/IMG_0233-1024x683.jpg 1024w, https:\/\/festivalcinefantaelx.com\/fantapress\/wp-content\/uploads\/2025\/11\/IMG_0233-300x200.jpg 300w, https:\/\/festivalcinefantaelx.com\/fantapress\/wp-content\/uploads\/2025\/11\/IMG_0233-768x513.jpg 768w, https:\/\/festivalcinefantaelx.com\/fantapress\/wp-content\/uploads\/2025\/11\/IMG_0233-1536x1025.jpg 1536w, https:\/\/festivalcinefantaelx.com\/fantapress\/wp-content\/uploads\/2025\/11\/IMG_0233-2048x1367.jpg 2048w, https:\/\/festivalcinefantaelx.com\/fantapress\/wp-content\/uploads\/2025\/11\/IMG_0233-700x467.jpg 700w\" sizes=\"(max-width: 1024px) 100vw, 1024px\" \/><\/p><p><i><span style=\"font-weight: 400;\">Despu\u00e9s de la boda<\/span><\/i><span style=\"font-weight: 400;\"> es una cinta acerca de una pareja de reci\u00e9n casados que, tras la celebraci\u00f3n de su uni\u00f3n, tienen un encuentro cara a cara con la muerte. <strong>La obra se realiz\u00f3 con pocos recursos, o pr\u00e1cticamente ninguno<\/strong>. B\u00e1sicamente, se logr\u00f3 llevar a cabo gracias a una Super-8, un magnet\u00f3fono y los sue\u00f1os y esperanzas de todo el equipo que hab\u00eda tras esta. En este equipo se encontraba <strong>Diego Amor\u00f3s Garc\u00eda<\/strong>, un viejo conocido de FANTAELX, que, al igual que este a\u00f1o su compa\u00f1ero Rafael Pomares, en la edici\u00f3n pasada nos pudo presentar a todos los asistentes su corto de terror <\/span><a href=\"https:\/\/festivalcinefantaelx.com\/fantapress\/2024\/11\/26\/una-pandemia-mas-lejana-inspirada-en-poe\/\"><i><span style=\"font-weight: 400;\">La m\u00e1scara de la muerte<\/span><\/i><\/a><span style=\"font-weight: 400;\">.<\/span><\/p><p><span style=\"font-weight: 400;\">Volviendo a <\/span><i><span style=\"font-weight: 400;\">Despu\u00e9s de la boda<\/span><\/i><span style=\"font-weight: 400;\">, es incre\u00edble c\u00f3mo el cortometraje consigue tener <strong>una atm\u00f3sfera tan tensa y enigm\u00e1tica<\/strong>, pese a ese presupuesto tan precario. El estar grabada en Super-8, aunque no fuera una elecci\u00f3n, hace que el ambiente de la pel\u00edcula se sienta m\u00e1s pesado, debido al gran contraste y ruido que posee la imagen. Tambi\u00e9n, <strong>ese ritmo lento que maneja ayuda a esa sensaci\u00f3n de inquietud<\/strong>; en este aspecto se nota mucho c\u00f3mo Hitchcock fue todo un referente para Rafael Pomares durante la producci\u00f3n, hasta el punto de que la cinta hace un claro homenaje a la ic\u00f3nica escena de la ducha de <\/span><i><span style=\"font-weight: 400;\">Psicosis<\/span><\/i><span style=\"font-weight: 400;\">, una escena en la que se nota que el corto es contempor\u00e1neo al cine de destape. El propio Pomares coment\u00f3 c\u00f3mo la pobre actriz cogi\u00f3 un resfriado grab\u00e1ndola.<\/span><\/p><p><!-- \/wp:paragraph --><\/p>\t\t\t\t\t\t<\/div>\n\t\t\t\t<\/div>\n\t\t\t\t<div class=\"elementor-element elementor-element-c41f8be elementor-widget elementor-widget-text-editor\" data-id=\"c41f8be\" data-element_type=\"widget\" data-widget_type=\"text-editor.default\">\n\t\t\t\t<div class=\"elementor-widget-container\">\n\t\t\t\t\t\t\t<p><span style=\"font-weight: 400;\">Adem\u00e1s, dir\u00eda que la cosa que m\u00e1s me sorprendi\u00f3 de <\/span><i><span style=\"font-weight: 400;\">Despu\u00e9s de la boda<\/span><\/i><span style=\"font-weight: 400;\"> fue su manera de jugar con el p\u00fablico. <strong>La manera en la que manipula las expectativas es muy ingeniosa<\/strong>, tus sospechas de lo que ocurre van cambiando constantemente a lo largo de los 27 minutos que dura, hasta que al final hay un momento en el que directamente dudas de si lo que has visto es real (dentro de la historia, claro est\u00e1). Esta duda queda satisfactoriamente resuelta con la revelaci\u00f3n del final. Por \u00faltimo, me gustar\u00eda destacar dos cosas. La primera es la banda sonora, <strong>\u00ab<\/strong><\/span><strong>El \u00faltimo abrazo\u00bb, <\/strong><span style=\"font-weight: 400;\"><strong>de Marcella Bella<\/strong>, le va como anillo al dedo a la cinta. La segunda son los efectos especiales, ya que, pese a ser muy humilde la producci\u00f3n, est\u00e1n lograd\u00edsimos. Lo que m\u00e1s me llam\u00f3 la atenci\u00f3n en este apartado fue la sangre, que se ve\u00eda demasiado realista, y normal porque, como explicaba el autor en el posterior coloquio, era sangre de cerdo real. Tambi\u00e9n, en dicho coloquio explic\u00f3 la ingeniosa forma que tuvieron de recrear el corte en la garganta que sucede en la cinta, mediante el uso de un tubo de pl\u00e1stico que ocultaba la navaja y que iba expulsando la sangre a medida que esta se mov\u00eda.<\/span><\/p><p><img decoding=\"async\" class=\"aligncenter wp-image-2725 size-large\" src=\"http:\/\/festivalcinefantaelx.com\/fantapress\/wp-content\/uploads\/2025\/11\/IMG_0224-1024x683.jpg\" alt=\"\" width=\"1024\" height=\"683\" srcset=\"https:\/\/festivalcinefantaelx.com\/fantapress\/wp-content\/uploads\/2025\/11\/IMG_0224-1024x683.jpg 1024w, https:\/\/festivalcinefantaelx.com\/fantapress\/wp-content\/uploads\/2025\/11\/IMG_0224-300x200.jpg 300w, https:\/\/festivalcinefantaelx.com\/fantapress\/wp-content\/uploads\/2025\/11\/IMG_0224-768x512.jpg 768w, https:\/\/festivalcinefantaelx.com\/fantapress\/wp-content\/uploads\/2025\/11\/IMG_0224-1536x1024.jpg 1536w, https:\/\/festivalcinefantaelx.com\/fantapress\/wp-content\/uploads\/2025\/11\/IMG_0224-2048x1365.jpg 2048w, https:\/\/festivalcinefantaelx.com\/fantapress\/wp-content\/uploads\/2025\/11\/IMG_0224-700x467.jpg 700w\" sizes=\"(max-width: 1024px) 100vw, 1024px\" \/><\/p><p><span style=\"font-weight: 400;\">Aludiendo de nuevo al coloquio con Pomares, en este nos coment\u00f3 otras curiosidades sobre la producci\u00f3n de la cinta, sobre todo, relacionadas con <strong>las dificultades de hacer cortometrajes independientes que hab\u00eda en aquellos tiempos<\/strong>. Temas como lo caros que eran los rollos (entre 500 y 800 pesetas en rebajas), el tiempo de revelado que alargaba considerablemente el rodaje, las complicaciones del montaje anal\u00f3gico y las otras que surg\u00edan a la hora de implementar el sonido (que costaban m\u00e1s que nada por lo tedioso de sincronizarlo con la imagen). Era una tarea tit\u00e1nica, que, gracias a los avances, se ha ido haciendo m\u00e1s c\u00f3moda conforme han pasado los a\u00f1os. Adem\u00e1s de estos detalles de <\/span><i><span style=\"font-weight: 400;\">Despu\u00e9s de la boda<\/span><\/i><span style=\"font-weight: 400;\">, pudimos ver c\u00f3mo, aparte de ser un excelente realizador, Rafael Pomares es una mejor persona. Un hombre que ten\u00eda una gran pasi\u00f3n por el cine, un <em>hobby<\/em> al que le dedicaba todo su ser, sin esperar nada a cambio. A \u00e9l no le importaba el reconocimiento de los festivales; <strong>hac\u00eda cine por el simple gusto de hacer cine<\/strong>, como tiene que ser. Pese a esto, la pasi\u00f3n que ten\u00eda Pomares por crear se quedaba corta con la que sent\u00eda por la docencia. Siempre ha sido un profesor extraordinario, que ten\u00eda un m\u00e9todo de ense\u00f1anza innovador, en el que buscaba educar a sus alumnos mediante el uso de pel\u00edculas y la producci\u00f3n de estas, para as\u00ed tambi\u00e9n inculcarles un amor por el s\u00e9ptimo arte, adem\u00e1s de un conocimiento sobre el lenguaje audiovisual que les permitiera mirar m\u00e1s all\u00e1 de lo evidente. Objetivo que logr\u00f3 cumplir en varios de sus estudiantes. Pese a que \u00e9l no lo necesite ni lo quiera, es un hombre que merece ser reconocido por su trabajo y recordado por lo que es.<\/span><\/p>\t\t\t\t\t\t<\/div>\n\t\t\t\t<\/div>\n\t\t\t\t<\/div>\n\t\t<div class=\"elementor-element elementor-element-660f020 e-flex e-con-boxed parallax_section_no qode_elementor_container_no e-con e-parent\" data-id=\"660f020\" data-element_type=\"container\">\n\t\t\t\t\t<div class=\"e-con-inner\">\n\t\t\t\t\t<\/div>\n\t\t\t\t<\/div>\n\t\t\t\t<\/div>\n\t\t","protected":false},"excerpt":{"rendered":"<p>H\u00e9ctor Ant\u00f3n FANTAELX vuelve a recuperar para el p\u00fablico, gracias al profesor Jaume Quiles, un cortometraje con m\u00e1s de cuarenta a\u00f1os de edad: Despu\u00e9s de la boda. Su director es Rafael Pomares Peral, uno de los miembros fundadores de la ACAI, quien expone su obra&#8230;<\/p>\n","protected":false},"author":1,"featured_media":2724,"comment_status":"open","ping_status":"closed","sticky":false,"template":"elementor_theme","format":"standard","meta":{"footnotes":""},"categories":[41,35,38],"tags":[],"class_list":["post-2723","post","type-post","status-publish","format-standard","has-post-thumbnail","hentry","category-41","category-criticas","category-cronicas"],"_links":{"self":[{"href":"https:\/\/festivalcinefantaelx.com\/fantapress\/wp-json\/wp\/v2\/posts\/2723","targetHints":{"allow":["GET"]}}],"collection":[{"href":"https:\/\/festivalcinefantaelx.com\/fantapress\/wp-json\/wp\/v2\/posts"}],"about":[{"href":"https:\/\/festivalcinefantaelx.com\/fantapress\/wp-json\/wp\/v2\/types\/post"}],"author":[{"embeddable":true,"href":"https:\/\/festivalcinefantaelx.com\/fantapress\/wp-json\/wp\/v2\/users\/1"}],"replies":[{"embeddable":true,"href":"https:\/\/festivalcinefantaelx.com\/fantapress\/wp-json\/wp\/v2\/comments?post=2723"}],"version-history":[{"count":10,"href":"https:\/\/festivalcinefantaelx.com\/fantapress\/wp-json\/wp\/v2\/posts\/2723\/revisions"}],"predecessor-version":[{"id":2755,"href":"https:\/\/festivalcinefantaelx.com\/fantapress\/wp-json\/wp\/v2\/posts\/2723\/revisions\/2755"}],"wp:featuredmedia":[{"embeddable":true,"href":"https:\/\/festivalcinefantaelx.com\/fantapress\/wp-json\/wp\/v2\/media\/2724"}],"wp:attachment":[{"href":"https:\/\/festivalcinefantaelx.com\/fantapress\/wp-json\/wp\/v2\/media?parent=2723"}],"wp:term":[{"taxonomy":"category","embeddable":true,"href":"https:\/\/festivalcinefantaelx.com\/fantapress\/wp-json\/wp\/v2\/categories?post=2723"},{"taxonomy":"post_tag","embeddable":true,"href":"https:\/\/festivalcinefantaelx.com\/fantapress\/wp-json\/wp\/v2\/tags?post=2723"}],"curies":[{"name":"wp","href":"https:\/\/api.w.org\/{rel}","templated":true}]}}