{"id":2733,"date":"2025-11-18T03:54:54","date_gmt":"2025-11-18T02:54:54","guid":{"rendered":"https:\/\/festivalcinefantaelx.com\/fantapress\/?p=2733"},"modified":"2025-11-18T04:09:34","modified_gmt":"2025-11-18T03:09:34","slug":"cuando-el-hogar-deja-de-ser-refugio","status":"publish","type":"post","link":"https:\/\/festivalcinefantaelx.com\/fantapress\/2025\/11\/18\/cuando-el-hogar-deja-de-ser-refugio\/","title":{"rendered":"Cuando el hogar deja de ser refugio"},"content":{"rendered":"\t\t<div data-elementor-type=\"wp-post\" data-elementor-id=\"2733\" class=\"elementor elementor-2733\" data-elementor-post-type=\"post\">\n\t\t\t\t<div class=\"elementor-element elementor-element-07bd0b6 e-grid e-con-full parallax_section_no qode_elementor_container_no e-con e-parent\" data-id=\"07bd0b6\" data-element_type=\"container\">\n\t\t\t\t<div class=\"elementor-element elementor-element-1085c917 elementor-widget elementor-widget-text-editor\" data-id=\"1085c917\" data-element_type=\"widget\" data-widget_type=\"text-editor.default\">\n\t\t\t\t<div class=\"elementor-widget-container\">\n\t\t\t\t\t\t\t<h6>Pablo Tenza<\/h6>\n<h2>Este lunes 17 de noviembre se ha proyectado <em>Disforia<\/em> (2025), la \u00f3pera prima del director ilicitano Christopher Cartagena, un thriller psicol\u00f3gico inquietante sobre la maternidad y la fragilidad de la familia en tiempos dif\u00edciles.<\/h2>\n<p>La sesi\u00f3n comenz\u00f3 a las 19:00 en la cinemateca del Edificio Valona de la Universidad Miguel Hern\u00e1ndez de Elche, con la asistencia del director de la pel\u00edcula y la actriz <strong>Noah Casas<\/strong>, quien interpreta a Say, la hija de la protagonista.<\/p>\n<p><img fetchpriority=\"high\" decoding=\"async\" class=\"aligncenter wp-image-2734 size-large\" src=\"http:\/\/festivalcinefantaelx.com\/fantapress\/wp-content\/uploads\/2025\/11\/IMG_1124-1024x803.png\" alt=\"\" width=\"1024\" height=\"803\" srcset=\"https:\/\/festivalcinefantaelx.com\/fantapress\/wp-content\/uploads\/2025\/11\/IMG_1124-1024x803.png 1024w, https:\/\/festivalcinefantaelx.com\/fantapress\/wp-content\/uploads\/2025\/11\/IMG_1124-300x235.png 300w, https:\/\/festivalcinefantaelx.com\/fantapress\/wp-content\/uploads\/2025\/11\/IMG_1124-768x602.png 768w, https:\/\/festivalcinefantaelx.com\/fantapress\/wp-content\/uploads\/2025\/11\/IMG_1124-1536x1205.png 1536w, https:\/\/festivalcinefantaelx.com\/fantapress\/wp-content\/uploads\/2025\/11\/IMG_1124-2048x1606.png 2048w, https:\/\/festivalcinefantaelx.com\/fantapress\/wp-content\/uploads\/2025\/11\/IMG_1124-700x549.png 700w\" sizes=\"(max-width: 1024px) 100vw, 1024px\" \/><\/p>\n<p><em>Disforia<\/em> (2025) naci\u00f3 como <strong>adaptaci\u00f3n de la novela hom\u00f3nima del escritor espa\u00f1ol David Jasso<\/strong>, quien es tambi\u00e9n un gran referente en el terror psicol\u00f3gico contempor\u00e1neo, y cuenta la historia de Esther (interpretada por Fariba Sheikhan), quien, junto a su marido Tom\u00e1s (interpretado por Eloy Azor\u00edn) y su hija Say, escapa de una ciudad que colapsa lentamente bajo la violencia. Llegan a su antigua casa en el bosque, donde se refugian temporalmente mientras esperan a un comprador an\u00f3nimo para recaudar el dinero y poder emigrar a Francia. Sin embargo, a la ma\u00f1ana siguiente, <strong>Esther se despierta con dos sorpresas inesperadas<\/strong>: Tom\u00e1s ha desaparecido y en la puerta se ha presentado Vera (interpretada por una maravillosa Claudia Salas), una inquietante desconocida que afirma conocer a Tom\u00e1s y ser el comprador que les otorgar\u00e1 el dinero.<\/p>\n<p>En un turno de los acontecimientos, el d\u00eda de la huida se convertir\u00e1 en <strong>un descenso hacia un sangriento festival de violencia<\/strong> en el que Esther tendr\u00e1 que proteger a su familia de un intruso dispuesto a acabar con todo.<\/p>\n<p><img decoding=\"async\" class=\"aligncenter wp-image-2736 size-full\" src=\"http:\/\/festivalcinefantaelx.com\/fantapress\/wp-content\/uploads\/2025\/11\/davidjasso1.jpg\" alt=\"\" width=\"270\" height=\"270\" srcset=\"https:\/\/festivalcinefantaelx.com\/fantapress\/wp-content\/uploads\/2025\/11\/davidjasso1.jpg 270w, https:\/\/festivalcinefantaelx.com\/fantapress\/wp-content\/uploads\/2025\/11\/davidjasso1-150x150.jpg 150w\" sizes=\"(max-width: 270px) 100vw, 270px\" \/><\/p>\n<p><strong>Sabes que un director tiene una fuerte voz propia cuando logra que su historia se perciba como un reflejo colectivo<\/strong>. Christopher Cartagena construye, mediante una incre\u00edblemente potente direcci\u00f3n, un relato donde los aspectos dom\u00e9sticos, psicol\u00f3gicos y sociales m\u00e1s cotidianos de una familia disfuncional se entrelazan de la forma m\u00e1s macabra posible hasta convertirse en un \u00fanico estado emocional: la disforia. Esa sensaci\u00f3n de sentirte fuera de lugar, sin poder controlar tus propios pensamientos y acciones, y molesto por el comportamiento de las personas m\u00e1s cercanas en tu entorno, como si fueses un animal que \u00fanicamente sigue sus instintos de supervivencia y deja que estos interfieran en su afinidad, como un simio. Se recuerda entonces que <strong>todo mito contempor\u00e1neo nace de miedos muy reales<\/strong>, por muy fant\u00e1sticos que parezcan. El miedo a la violencia, a la mirada ajena de las personas en las que m\u00e1s conf\u00edas, a ser sustituido como si nunca hubieses existido y a que, sin saberlo, todo tu trabajo y legado desaparezca, son m\u00e1s que reales. El miedo no siempre se basa en un cuchillo o un aterrador monstruo; a veces tambi\u00e9n viene de los pensamientos m\u00e1s intrusivos del ser humano, y <em>Disforia<\/em> sabe c\u00f3mo utilizar esto a su favor.<\/p>\n<p><!-- \/wp:paragraph --><\/p>\t\t\t\t\t\t<\/div>\n\t\t\t\t<\/div>\n\t\t\t\t<div class=\"elementor-element elementor-element-c41f8be elementor-widget elementor-widget-text-editor\" data-id=\"c41f8be\" data-element_type=\"widget\" data-widget_type=\"text-editor.default\">\n\t\t\t\t<div class=\"elementor-widget-container\">\n\t\t\t\t\t\t\t<p><img decoding=\"async\" class=\"aligncenter wp-image-2737 size-large\" src=\"http:\/\/festivalcinefantaelx.com\/fantapress\/wp-content\/uploads\/2025\/11\/Disforia-2025-horror-review-1024x575.jpg\" alt=\"\" width=\"1024\" height=\"575\" srcset=\"https:\/\/festivalcinefantaelx.com\/fantapress\/wp-content\/uploads\/2025\/11\/Disforia-2025-horror-review-1024x575.jpg 1024w, https:\/\/festivalcinefantaelx.com\/fantapress\/wp-content\/uploads\/2025\/11\/Disforia-2025-horror-review-300x168.jpg 300w, https:\/\/festivalcinefantaelx.com\/fantapress\/wp-content\/uploads\/2025\/11\/Disforia-2025-horror-review-768x431.jpg 768w, https:\/\/festivalcinefantaelx.com\/fantapress\/wp-content\/uploads\/2025\/11\/Disforia-2025-horror-review-700x393.jpg 700w, https:\/\/festivalcinefantaelx.com\/fantapress\/wp-content\/uploads\/2025\/11\/Disforia-2025-horror-review-539x303.jpg 539w, https:\/\/festivalcinefantaelx.com\/fantapress\/wp-content\/uploads\/2025\/11\/Disforia-2025-horror-review.jpg 1080w\" sizes=\"(max-width: 1024px) 100vw, 1024px\" \/><\/p>\n<p><em>Disforia<\/em> cuenta con un decorado especialmente pulido: la antigua casa no es solo un escenario que sirva para provocar claustrofobia y limitar las posibilidades de escape de los protagonistas como buen <em>home invasion<\/em> que es; tambi\u00e9n es <strong>un organismo vivo que le recuerda constantemente sus peores traumas<\/strong> a Esther y el porqu\u00e9 decidi\u00f3 huir. Mientras tanto, las pantallas no son solo componentes de un dispositivo electr\u00f3nico; son una ventana a una sociedad <em>voyeurista<\/em> que ve la violencia como un simple espect\u00e1culo y el miedo como algo viral, y nos recuerda que los seres humanos no piensan en su propia especie como una comunidad, dejan salir su lado m\u00e1s salvaje sin consecuencias utilizando \u00fanicamente una foto de perfil y un nombre inventado.<\/p>\n<p><img loading=\"lazy\" decoding=\"async\" class=\"aligncenter wp-image-2738 size-large\" src=\"http:\/\/festivalcinefantaelx.com\/fantapress\/wp-content\/uploads\/2025\/11\/20251108112738ovBfot7UXA-1024x576.jpeg\" alt=\"\" width=\"1024\" height=\"576\" srcset=\"https:\/\/festivalcinefantaelx.com\/fantapress\/wp-content\/uploads\/2025\/11\/20251108112738ovBfot7UXA-1024x576.jpeg 1024w, https:\/\/festivalcinefantaelx.com\/fantapress\/wp-content\/uploads\/2025\/11\/20251108112738ovBfot7UXA-300x169.jpeg 300w, https:\/\/festivalcinefantaelx.com\/fantapress\/wp-content\/uploads\/2025\/11\/20251108112738ovBfot7UXA-768x432.jpeg 768w, https:\/\/festivalcinefantaelx.com\/fantapress\/wp-content\/uploads\/2025\/11\/20251108112738ovBfot7UXA-700x394.jpeg 700w, https:\/\/festivalcinefantaelx.com\/fantapress\/wp-content\/uploads\/2025\/11\/20251108112738ovBfot7UXA-539x303.jpeg 539w, https:\/\/festivalcinefantaelx.com\/fantapress\/wp-content\/uploads\/2025\/11\/20251108112738ovBfot7UXA.jpeg 1280w\" sizes=\"(max-width: 1024px) 100vw, 1024px\" \/><\/p>\n<p>La brillante actuaci\u00f3n de Fariba Sheikhan y Noah Casas nos recuerdan que un gran n\u00famero de las amenazas contempor\u00e1neas no tienen por qu\u00e9 provenir de lo f\u00edsico, sino que son invisibles al tacto humano y yacen en lo psicol\u00f3gico, sobre todo en lo \u00edntimo y en c\u00f3mo nos relacionamos con las personas que m\u00e1s afirmamos querer, al final del d\u00eda eso es uno de los aspectos principales de la maternidad. A la par, <strong>Claudia Salas brilla por su espontaneidad y su salvaje qu\u00edmica con Fariba<\/strong>, a fin de cuentas no hay nada m\u00e1s roto que la mente de una persona que act\u00faa espont\u00e1neamente mientras se deja guiar por el odio. Vera es un personaje peculiar, muy verbal y al mismo tiempo muy inquieto, y eso es lo que hace que destaque tanto. Sabe c\u00f3mo llenar los silencios inc\u00f3modos y los espacios vac\u00edos de la pel\u00edcula de la forma m\u00e1s animada posible y, curiosamente, eso es lo que lo hace m\u00e1s aterrador, porque nunca sabes cu\u00e1ndo va a explotar, <strong>es como la mecha invisible de una bomba de relojer\u00eda, la oyes pero no ves su recorrido<\/strong>.<\/p>\n<p><img loading=\"lazy\" decoding=\"async\" class=\"aligncenter wp-image-2739 size-full\" src=\"http:\/\/festivalcinefantaelx.com\/fantapress\/wp-content\/uploads\/2025\/11\/Disforia-1.jpg\" alt=\"\" width=\"620\" height=\"310\" srcset=\"https:\/\/festivalcinefantaelx.com\/fantapress\/wp-content\/uploads\/2025\/11\/Disforia-1.jpg 620w, https:\/\/festivalcinefantaelx.com\/fantapress\/wp-content\/uploads\/2025\/11\/Disforia-1-300x150.jpg 300w\" sizes=\"(max-width: 620px) 100vw, 620px\" \/><\/p>\n<p>Visualmente, <em>Disforia<\/em> destaca por sus tonos fr\u00edos y encuadres abiertos, pero, sobre todo, <strong>destaca por sus primeros planos<\/strong>, y es que, como si se tratara de un filete que necesita acompa\u00f1amiento, Christopher es el chef que siempre encuentra los ingredientes m\u00e1s frescos y los prepara para colocar en el momento perfecto en el que el espectador necesite espacio personal antes de que la gota de sudor recorra la mitad de la frente,<strong> la tregua no es negociable<\/strong>.<\/p>\n<p>Tras terminar la pel\u00edcula y tras un aplauso de un minuto, Christopher realiz\u00f3 un coloquio junto a Noah Casas en el que cont\u00f3 c\u00f3mo fueron las cuatro semanas que dur\u00f3 el rodaje, los retos a los que se tuvo que enfrentar el equipo y diversas an\u00e9cdotas graciosas por parte de la joven actriz. Un aspecto curioso de la sesi\u00f3n fue que un considerable n\u00famero de asistentes conoc\u00edan a Christopher, y es que, como se suele decir, el mundo es un pa\u00f1uelo, y es muy agradable ver c\u00f3mo apoyan personalmente el trabajo de un conocido al que tanto admiran.<\/p>\t\t\t\t\t\t<\/div>\n\t\t\t\t<\/div>\n\t\t\t\t<\/div>\n\t\t<div class=\"elementor-element elementor-element-660f020 e-flex e-con-boxed parallax_section_no qode_elementor_container_no e-con e-parent\" data-id=\"660f020\" data-element_type=\"container\">\n\t\t\t\t\t<div class=\"e-con-inner\">\n\t\t\t\t\t<\/div>\n\t\t\t\t<\/div>\n\t\t\t\t<\/div>\n\t\t","protected":false},"excerpt":{"rendered":"<p>Pablo Tenza Este lunes 17 de noviembre se ha proyectado Disforia (2025), la \u00f3pera prima del director ilicitano Christopher Cartagena, un thriller psicol\u00f3gico inquietante sobre la maternidad y la fragilidad de la familia en tiempos dif\u00edciles. La sesi\u00f3n comenz\u00f3 a las 19:00 en la cinemateca&#8230;<\/p>\n","protected":false},"author":1,"featured_media":2734,"comment_status":"open","ping_status":"closed","sticky":false,"template":"elementor_theme","format":"standard","meta":{"footnotes":""},"categories":[41,35,38],"tags":[],"class_list":["post-2733","post","type-post","status-publish","format-standard","has-post-thumbnail","hentry","category-41","category-criticas","category-cronicas"],"_links":{"self":[{"href":"https:\/\/festivalcinefantaelx.com\/fantapress\/wp-json\/wp\/v2\/posts\/2733","targetHints":{"allow":["GET"]}}],"collection":[{"href":"https:\/\/festivalcinefantaelx.com\/fantapress\/wp-json\/wp\/v2\/posts"}],"about":[{"href":"https:\/\/festivalcinefantaelx.com\/fantapress\/wp-json\/wp\/v2\/types\/post"}],"author":[{"embeddable":true,"href":"https:\/\/festivalcinefantaelx.com\/fantapress\/wp-json\/wp\/v2\/users\/1"}],"replies":[{"embeddable":true,"href":"https:\/\/festivalcinefantaelx.com\/fantapress\/wp-json\/wp\/v2\/comments?post=2733"}],"version-history":[{"count":4,"href":"https:\/\/festivalcinefantaelx.com\/fantapress\/wp-json\/wp\/v2\/posts\/2733\/revisions"}],"predecessor-version":[{"id":2742,"href":"https:\/\/festivalcinefantaelx.com\/fantapress\/wp-json\/wp\/v2\/posts\/2733\/revisions\/2742"}],"wp:featuredmedia":[{"embeddable":true,"href":"https:\/\/festivalcinefantaelx.com\/fantapress\/wp-json\/wp\/v2\/media\/2734"}],"wp:attachment":[{"href":"https:\/\/festivalcinefantaelx.com\/fantapress\/wp-json\/wp\/v2\/media?parent=2733"}],"wp:term":[{"taxonomy":"category","embeddable":true,"href":"https:\/\/festivalcinefantaelx.com\/fantapress\/wp-json\/wp\/v2\/categories?post=2733"},{"taxonomy":"post_tag","embeddable":true,"href":"https:\/\/festivalcinefantaelx.com\/fantapress\/wp-json\/wp\/v2\/tags?post=2733"}],"curies":[{"name":"wp","href":"https:\/\/api.w.org\/{rel}","templated":true}]}}