{"id":2767,"date":"2025-11-19T01:18:02","date_gmt":"2025-11-19T00:18:02","guid":{"rendered":"https:\/\/festivalcinefantaelx.com\/fantapress\/?p=2767"},"modified":"2025-11-19T01:27:23","modified_gmt":"2025-11-19T00:27:23","slug":"el-sangriento-florecer-del-cuerpo","status":"publish","type":"post","link":"https:\/\/festivalcinefantaelx.com\/fantapress\/2025\/11\/19\/el-sangriento-florecer-del-cuerpo\/","title":{"rendered":"El sangriento florecer del cuerpo"},"content":{"rendered":"\t\t<div data-elementor-type=\"wp-post\" data-elementor-id=\"2767\" class=\"elementor elementor-2767\" data-elementor-post-type=\"post\">\n\t\t\t\t<div class=\"elementor-element elementor-element-07bd0b6 e-grid e-con-full parallax_section_no qode_elementor_container_no e-con e-parent\" data-id=\"07bd0b6\" data-element_type=\"container\">\n\t\t\t\t<div class=\"elementor-element elementor-element-1085c917 elementor-widget elementor-widget-text-editor\" data-id=\"1085c917\" data-element_type=\"widget\" data-widget_type=\"text-editor.default\">\n\t\t\t\t<div class=\"elementor-widget-container\">\n\t\t\t\t\t\t\t<h6>Pablo Tenza<\/h6>\n<h2>Este martes, 18 de noviembre, a las 20 horas, se ha estrenado en la megascreen del Centro Comercial l&#8217;Aljub, la pantalla LED interactiva m\u00e1s grande instalada en Espa\u00f1a, <em>Abril<\/em> (2025), el cortometraje debut en la industria de la directora Alexandra Iglesias.<\/h2>\n<p><img fetchpriority=\"high\" decoding=\"async\" class=\"aligncenter wp-image-2768 size-large\" src=\"http:\/\/festivalcinefantaelx.com\/fantapress\/wp-content\/uploads\/2025\/11\/1-1024x576.jpg\" alt=\"\" width=\"1024\" height=\"576\" srcset=\"https:\/\/festivalcinefantaelx.com\/fantapress\/wp-content\/uploads\/2025\/11\/1-1024x576.jpg 1024w, https:\/\/festivalcinefantaelx.com\/fantapress\/wp-content\/uploads\/2025\/11\/1-300x169.jpg 300w, https:\/\/festivalcinefantaelx.com\/fantapress\/wp-content\/uploads\/2025\/11\/1-768x432.jpg 768w, https:\/\/festivalcinefantaelx.com\/fantapress\/wp-content\/uploads\/2025\/11\/1-1536x864.jpg 1536w, https:\/\/festivalcinefantaelx.com\/fantapress\/wp-content\/uploads\/2025\/11\/1-2048x1152.jpg 2048w, https:\/\/festivalcinefantaelx.com\/fantapress\/wp-content\/uploads\/2025\/11\/1-700x394.jpg 700w, https:\/\/festivalcinefantaelx.com\/fantapress\/wp-content\/uploads\/2025\/11\/1-539x303.jpg 539w\" sizes=\"(max-width: 1024px) 100vw, 1024px\" \/><\/p>\n<p><i><span style=\"font-weight: 400;\">Abril<\/span><\/i><span style=\"font-weight: 400;\"> se sit\u00faa en el cumplea\u00f1os de su joven protagonista, y lo que comienza como una celebraci\u00f3n tranquila en familia se convierte en un desastre cuando <strong>Abril empieza a notar extra\u00f1as manchas de sangre crecientes en su nuevo vestido<\/strong>, regalo de su madre y que parece importarle mucho. Abril se esconde r\u00e1pidamente en el ba\u00f1o intentando ocultar estos grotescos cambios en su cuerpo. Mientras, entre temor y preocupaci\u00f3n, lava cualquier mancha que pueda dejar por el camino.<\/span><\/p>\n<p><img decoding=\"async\" class=\"aligncenter wp-image-2771 size-large\" src=\"http:\/\/festivalcinefantaelx.com\/fantapress\/wp-content\/uploads\/2025\/11\/2-2-1024x605.png\" alt=\"\" width=\"1024\" height=\"605\" srcset=\"https:\/\/festivalcinefantaelx.com\/fantapress\/wp-content\/uploads\/2025\/11\/2-2-1024x605.png 1024w, https:\/\/festivalcinefantaelx.com\/fantapress\/wp-content\/uploads\/2025\/11\/2-2-300x177.png 300w, https:\/\/festivalcinefantaelx.com\/fantapress\/wp-content\/uploads\/2025\/11\/2-2-768x454.png 768w, https:\/\/festivalcinefantaelx.com\/fantapress\/wp-content\/uploads\/2025\/11\/2-2-700x413.png 700w, https:\/\/festivalcinefantaelx.com\/fantapress\/wp-content\/uploads\/2025\/11\/2-2.png 1109w\" sizes=\"(max-width: 1024px) 100vw, 1024px\" \/><\/p>\n<p><!-- \/wp:paragraph --><\/p>\t\t\t\t\t\t<\/div>\n\t\t\t\t<\/div>\n\t\t\t\t<div class=\"elementor-element elementor-element-c41f8be elementor-widget elementor-widget-text-editor\" data-id=\"c41f8be\" data-element_type=\"widget\" data-widget_type=\"text-editor.default\">\n\t\t\t\t<div class=\"elementor-widget-container\">\n\t\t\t\t\t\t\t<p><img decoding=\"async\" class=\"aligncenter wp-image-2770 size-large\" src=\"http:\/\/festivalcinefantaelx.com\/fantapress\/wp-content\/uploads\/2025\/11\/4-2-1024x609.png\" alt=\"\" width=\"1024\" height=\"609\" srcset=\"https:\/\/festivalcinefantaelx.com\/fantapress\/wp-content\/uploads\/2025\/11\/4-2-1024x609.png 1024w, https:\/\/festivalcinefantaelx.com\/fantapress\/wp-content\/uploads\/2025\/11\/4-2-300x178.png 300w, https:\/\/festivalcinefantaelx.com\/fantapress\/wp-content\/uploads\/2025\/11\/4-2-768x456.png 768w, https:\/\/festivalcinefantaelx.com\/fantapress\/wp-content\/uploads\/2025\/11\/4-2-700x416.png 700w, https:\/\/festivalcinefantaelx.com\/fantapress\/wp-content\/uploads\/2025\/11\/4-2.png 1107w\" sizes=\"(max-width: 1024px) 100vw, 1024px\" \/><\/p>\n<p><span style=\"font-weight: 400;\">Lejos de tratar la sangre como un elemento aterrador o grotesco, Alexandra Iglesias <strong>recurre al realismo m\u00e1gico y al simbolismo de la sangre como s\u00edmbolo de vida y transici\u00f3n<\/strong>. De este modo, ofrece una clara visi\u00f3n diferente de la menstruaci\u00f3n y la transformaci\u00f3n del cuerpo femenino a trav\u00e9s de los ojos de una persona que desconoce la naturalidad y espontaneidad del proceso, mientras, con angustia y en silencio, ve c\u00f3mo su cuerpo cambia sin siquiera haber tenido un aviso previo o disparo de salida que le ayudase a adaptarse r\u00e1pidamente a la situaci\u00f3n.<\/span><span style=\"font-weight: 400;\"><br \/><\/span><span style=\"font-weight: 400;\">A la hora de representar la frustraci\u00f3n de un alma joven, Sof\u00eda Otero realiza una actuaci\u00f3n brillante, dejando que su personaje hable m\u00e1s con su mirada que con su boca y transmitiendo toda su preocupaci\u00f3n con <strong>movimientos err\u00e1ticos y decisiones improvisadas<\/strong>. Este papel de redescubrimiento nos recuerda al que realiz\u00f3 en\u00a0 <\/span><i><span style=\"font-weight: 400;\">20.000 Especies de Abejas<\/span><\/i><span style=\"font-weight: 400;\"> (Estibaliz Urresola, 2023), interpretando a una ni\u00f1a trans que convive con una familia en proceso de adaptaci\u00f3n, y por el que se llev\u00f3 el Oso de Plata en Berl\u00edn.\u00a0<\/span><\/p>\n<p><span style=\"font-weight: 400;\">Un aspecto esencialmente bello de <\/span><i><span style=\"font-weight: 400;\">Abril <\/span><\/i><span style=\"font-weight: 400;\">es su <strong>contraste de colores<\/strong>, llenando la c\u00e1mara de elementos blancos para representar lo puro e inocente y as\u00ed poder impactar al espectador cuando el rojo, un color asociado a la ira, la violencia y el caos, empiece a tomar el control del escenario y de la propia protagonista.<\/span><\/p>\n<p><img loading=\"lazy\" decoding=\"async\" class=\"aligncenter wp-image-2772 size-large\" src=\"http:\/\/festivalcinefantaelx.com\/fantapress\/wp-content\/uploads\/2025\/11\/3-1024x606.png\" alt=\"\" width=\"1024\" height=\"606\" srcset=\"https:\/\/festivalcinefantaelx.com\/fantapress\/wp-content\/uploads\/2025\/11\/3-1024x606.png 1024w, https:\/\/festivalcinefantaelx.com\/fantapress\/wp-content\/uploads\/2025\/11\/3-300x178.png 300w, https:\/\/festivalcinefantaelx.com\/fantapress\/wp-content\/uploads\/2025\/11\/3-768x455.png 768w, https:\/\/festivalcinefantaelx.com\/fantapress\/wp-content\/uploads\/2025\/11\/3-700x415.png 700w, https:\/\/festivalcinefantaelx.com\/fantapress\/wp-content\/uploads\/2025\/11\/3.png 1106w\" sizes=\"(max-width: 1024px) 100vw, 1024px\" \/><\/p>\n<p><span style=\"font-weight: 400;\">Y es que es innegable que <\/span><i><span style=\"font-weight: 400;\">Abril <\/span><\/i><span style=\"font-weight: 400;\">es un cortometraje muy \u00edntimo, y esencialmente simb\u00f3lico. <strong>Trata de forma violenta, pero especialmente hermosa, una de las transformaciones naturales m\u00e1s comunes del cuerpo humano<\/strong>, pero, a la vez, de las m\u00e1s aterradoras para un gran n\u00famero de j\u00f3venes en el mundo a las que no se les ha ense\u00f1ado sobre ese cambio.<\/span><\/p>\t\t\t\t\t\t<\/div>\n\t\t\t\t<\/div>\n\t\t\t\t<\/div>\n\t\t<div class=\"elementor-element elementor-element-660f020 e-flex e-con-boxed parallax_section_no qode_elementor_container_no e-con e-parent\" data-id=\"660f020\" data-element_type=\"container\">\n\t\t\t\t\t<div class=\"e-con-inner\">\n\t\t\t\t\t<\/div>\n\t\t\t\t<\/div>\n\t\t\t\t<\/div>\n\t\t","protected":false},"excerpt":{"rendered":"<p>Pablo Tenza Este martes, 18 de noviembre, a las 20 horas, se ha estrenado en la megascreen del Centro Comercial l&#8217;Aljub, la pantalla LED interactiva m\u00e1s grande instalada en Espa\u00f1a, Abril (2025), el cortometraje debut en la industria de la directora Alexandra Iglesias. Abril se&#8230;<\/p>\n","protected":false},"author":1,"featured_media":2768,"comment_status":"open","ping_status":"closed","sticky":false,"template":"elementor_theme","format":"standard","meta":{"footnotes":""},"categories":[41,35],"tags":[],"class_list":["post-2767","post","type-post","status-publish","format-standard","has-post-thumbnail","hentry","category-41","category-criticas"],"_links":{"self":[{"href":"https:\/\/festivalcinefantaelx.com\/fantapress\/wp-json\/wp\/v2\/posts\/2767","targetHints":{"allow":["GET"]}}],"collection":[{"href":"https:\/\/festivalcinefantaelx.com\/fantapress\/wp-json\/wp\/v2\/posts"}],"about":[{"href":"https:\/\/festivalcinefantaelx.com\/fantapress\/wp-json\/wp\/v2\/types\/post"}],"author":[{"embeddable":true,"href":"https:\/\/festivalcinefantaelx.com\/fantapress\/wp-json\/wp\/v2\/users\/1"}],"replies":[{"embeddable":true,"href":"https:\/\/festivalcinefantaelx.com\/fantapress\/wp-json\/wp\/v2\/comments?post=2767"}],"version-history":[{"count":4,"href":"https:\/\/festivalcinefantaelx.com\/fantapress\/wp-json\/wp\/v2\/posts\/2767\/revisions"}],"predecessor-version":[{"id":2775,"href":"https:\/\/festivalcinefantaelx.com\/fantapress\/wp-json\/wp\/v2\/posts\/2767\/revisions\/2775"}],"wp:featuredmedia":[{"embeddable":true,"href":"https:\/\/festivalcinefantaelx.com\/fantapress\/wp-json\/wp\/v2\/media\/2768"}],"wp:attachment":[{"href":"https:\/\/festivalcinefantaelx.com\/fantapress\/wp-json\/wp\/v2\/media?parent=2767"}],"wp:term":[{"taxonomy":"category","embeddable":true,"href":"https:\/\/festivalcinefantaelx.com\/fantapress\/wp-json\/wp\/v2\/categories?post=2767"},{"taxonomy":"post_tag","embeddable":true,"href":"https:\/\/festivalcinefantaelx.com\/fantapress\/wp-json\/wp\/v2\/tags?post=2767"}],"curies":[{"name":"wp","href":"https:\/\/api.w.org\/{rel}","templated":true}]}}